{"id":24187,"date":"2022-01-26T11:55:37","date_gmt":"2022-01-26T11:55:37","guid":{"rendered":"https:\/\/blogdorogeriogomes.com.br\/?p=24187"},"modified":"2022-01-26T12:34:55","modified_gmt":"2022-01-26T12:34:55","slug":"chuvas-voltam-a-banhar-regiao-metropolitana-de-fortaleza","status":"publish","type":"post","link":"https:\/\/blogdorogeriogomes.com.br\/noticias\/2022\/01\/chuvas-voltam-a-banhar-regiao-metropolitana-de-fortaleza\/","title":{"rendered":"Chuvas voltam a banhar Regi\u00e3o Metropolitana de Fortaleza"},"content":{"rendered":"\n<p>As chuvas voltaram a banhar a Regi\u00e3o Metropolitana de Fortaleza nesta quarta-feira, dia 26 de janeiro. Aquiraz foi o munic\u00edpio mais beneficiado. L\u00e1 foi registrado uma precipita\u00e7\u00e3o de 84 mil\u00edmetros nas \u00faltimas 24 horas.<\/p>\n\n\n\n<p>De acordo com a Funceme, a tend\u00eancia \u00e9 de precipita\u00e7\u00f5es em todo o Cear\u00e1, principalmente no Litoral Norte, Ibiapaba, Cariri e Sert\u00e3o Central e Inhamuns.<\/p>\n\n\n\n<p>O&nbsp;c\u00e9u deve permanecer nublado e com alta possibilidade de chuva em todas as macrorregi\u00f5es at\u00e9 sexta-feira, dia 28.<\/p>\n\n\n\n<figure class=\"wp-block-image size-large\"><img loading=\"lazy\" decoding=\"async\" width=\"1024\" height=\"576\" src=\"https:\/\/blogdorogeriogomes.com.br\/wp-content\/uploads\/2022\/01\/whatsapp-image-2022-01-22-at-19.15.21-1024x576.jpeg\" alt=\"\" class=\"wp-image-24188\" srcset=\"https:\/\/blogdorogeriogomes.com.br\/noticias\/wp-content\/uploads\/2022\/01\/whatsapp-image-2022-01-22-at-19.15.21-1024x576.jpeg 1024w, https:\/\/blogdorogeriogomes.com.br\/noticias\/wp-content\/uploads\/2022\/01\/whatsapp-image-2022-01-22-at-19.15.21-300x169.jpeg 300w, https:\/\/blogdorogeriogomes.com.br\/noticias\/wp-content\/uploads\/2022\/01\/whatsapp-image-2022-01-22-at-19.15.21-768x432.jpeg 768w, https:\/\/blogdorogeriogomes.com.br\/noticias\/wp-content\/uploads\/2022\/01\/whatsapp-image-2022-01-22-at-19.15.21-800x450.jpeg 800w, https:\/\/blogdorogeriogomes.com.br\/noticias\/wp-content\/uploads\/2022\/01\/whatsapp-image-2022-01-22-at-19.15.21.jpeg 1080w\" sizes=\"auto, (max-width: 1024px) 100vw, 1024px\" \/><\/figure>\n","protected":false},"excerpt":{"rendered":"<p>As chuvas voltaram a banhar a Regi\u00e3o Metropolitana de Fortaleza nesta quarta-feira, dia 26 de janeiro. Aquiraz foi o munic\u00edpio mais beneficiado. L\u00e1 foi registrado uma precipita\u00e7\u00e3o de 84 mil\u00edmetros nas \u00faltimas 24 horas. De acordo com a Funceme, a tend\u00eancia \u00e9 de precipita\u00e7\u00f5es em todo o Cear\u00e1, principalmente no Litoral Norte, Ibiapaba, Cariri e Sert\u00e3o Central e Inhamuns. O&nbsp;c\u00e9u deve permanecer nublado e com alta possibilidade de chuva em todas as macrorregi\u00f5es at\u00e9 sexta-feira, dia 28.<\/p>\n","protected":false},"author":1,"featured_media":24188,"comment_status":"open","ping_status":"open","sticky":false,"template":"","format":"standard","meta":{"footnotes":""},"categories":[1],"tags":[],"class_list":["post-24187","post","type-post","status-publish","format-standard","has-post-thumbnail","hentry","category-noticias"],"_links":{"self":[{"href":"https:\/\/blogdorogeriogomes.com.br\/noticias\/wp-json\/wp\/v2\/posts\/24187","targetHints":{"allow":["GET"]}}],"collection":[{"href":"https:\/\/blogdorogeriogomes.com.br\/noticias\/wp-json\/wp\/v2\/posts"}],"about":[{"href":"https:\/\/blogdorogeriogomes.com.br\/noticias\/wp-json\/wp\/v2\/types\/post"}],"author":[{"embeddable":true,"href":"https:\/\/blogdorogeriogomes.com.br\/noticias\/wp-json\/wp\/v2\/users\/1"}],"replies":[{"embeddable":true,"href":"https:\/\/blogdorogeriogomes.com.br\/noticias\/wp-json\/wp\/v2\/comments?post=24187"}],"version-history":[{"count":2,"href":"https:\/\/blogdorogeriogomes.com.br\/noticias\/wp-json\/wp\/v2\/posts\/24187\/revisions"}],"predecessor-version":[{"id":24194,"href":"https:\/\/blogdorogeriogomes.com.br\/noticias\/wp-json\/wp\/v2\/posts\/24187\/revisions\/24194"}],"wp:featuredmedia":[{"embeddable":true,"href":"https:\/\/blogdorogeriogomes.com.br\/noticias\/wp-json\/wp\/v2\/media\/24188"}],"wp:attachment":[{"href":"https:\/\/blogdorogeriogomes.com.br\/noticias\/wp-json\/wp\/v2\/media?parent=24187"}],"wp:term":[{"taxonomy":"category","embeddable":true,"href":"https:\/\/blogdorogeriogomes.com.br\/noticias\/wp-json\/wp\/v2\/categories?post=24187"},{"taxonomy":"post_tag","embeddable":true,"href":"https:\/\/blogdorogeriogomes.com.br\/noticias\/wp-json\/wp\/v2\/tags?post=24187"}],"curies":[{"name":"wp","href":"https:\/\/api.w.org\/{rel}","templated":true}]}}