{"id":24190,"date":"2022-01-26T12:13:56","date_gmt":"2022-01-26T12:13:56","guid":{"rendered":"https:\/\/blogdorogeriogomes.com.br\/?p=24190"},"modified":"2022-01-26T12:34:45","modified_gmt":"2022-01-26T12:34:45","slug":"camilo-santana-anuncia-gratificacao-para-secretarios-escolares-reajuste-para-agentes-da-ematerce-e-edital-para-o-metrofor","status":"publish","type":"post","link":"https:\/\/blogdorogeriogomes.com.br\/noticias\/2022\/01\/camilo-santana-anuncia-gratificacao-para-secretarios-escolares-reajuste-para-agentes-da-ematerce-e-edital-para-o-metrofor\/","title":{"rendered":"Camilo Santana anuncia gratifica\u00e7\u00e3o para secret\u00e1rios escolares, reajuste para agentes da Ematerce e edital para o Metrofor"},"content":{"rendered":"\n<p>O governador Camilo Santana confirmou que vai conceder uma gratifica\u00e7\u00e3o para assessores financeiros e secret\u00e1rios escolares da&nbsp;Secretaria da Educa\u00e7\u00e3o do Cear\u00e1 (Seduc). A medida vai passar por an\u00e1lise dos deputados estaduais na Assembleia Legislativa do Cear\u00e1 logo ap\u00f3s o retorno do recesso, em 1\u00b0 de fevereiro. Ser\u00e3o 1.473 beneficiados com a gratifica\u00e7\u00e3o.<\/p>\n\n\n\n<p>O governador do Cear\u00e1 tamb\u00e9m anunciou o reajuste de agentes rurais de n\u00edvel superior da Ematerce, que antes ganhavam R$ 2.700 e passar\u00e3o a ganhar R$ 3.510. \u00c9 um aumento entre 25% e 30%. E para os agentes rurais de ensino m\u00e9dio, que era R$ 1.200 e passa a ser R$ 1.600.&nbsp;<\/p>\n\n\n\n<p>Camilo Santana confirmou ainda o lan\u00e7amento do primeiro edital de concurso p\u00fablico do Governo do Cear\u00e1 em 2022 que ser\u00e1 o do Metrofor. \u201cJ\u00e1 posso adiantar que est\u00e1 definido. Ser\u00e1 o primeiro concurso deste ano. S\u00e3o 150 vagas, com previs\u00e3o de mais 150 para cadastro de reserva&#8221;, disse o governador.<\/p>\n\n\n\n<figure class=\"wp-block-image size-large\"><img loading=\"lazy\" decoding=\"async\" width=\"1024\" height=\"684\" src=\"https:\/\/blogdorogeriogomes.com.br\/wp-content\/uploads\/2022\/01\/TM02040-1200x801-1-1024x684.jpg\" alt=\"\" class=\"wp-image-24191\" srcset=\"https:\/\/blogdorogeriogomes.com.br\/noticias\/wp-content\/uploads\/2022\/01\/TM02040-1200x801-1-1024x684.jpg 1024w, https:\/\/blogdorogeriogomes.com.br\/noticias\/wp-content\/uploads\/2022\/01\/TM02040-1200x801-1-300x200.jpg 300w, https:\/\/blogdorogeriogomes.com.br\/noticias\/wp-content\/uploads\/2022\/01\/TM02040-1200x801-1-768x513.jpg 768w, https:\/\/blogdorogeriogomes.com.br\/noticias\/wp-content\/uploads\/2022\/01\/TM02040-1200x801-1-800x534.jpg 800w, https:\/\/blogdorogeriogomes.com.br\/noticias\/wp-content\/uploads\/2022\/01\/TM02040-1200x801-1.jpg 1200w\" sizes=\"auto, (max-width: 1024px) 100vw, 1024px\" \/><\/figure>\n\n\n\n<p><\/p>\n\n\n\n<p><\/p>\n","protected":false},"excerpt":{"rendered":"<p>O governador Camilo Santana confirmou que vai conceder uma gratifica\u00e7\u00e3o para assessores financeiros e secret\u00e1rios escolares da&nbsp;Secretaria da Educa\u00e7\u00e3o do Cear\u00e1 (Seduc). A medida vai passar por an\u00e1lise dos deputados estaduais na Assembleia Legislativa do Cear\u00e1 logo ap\u00f3s o retorno do recesso, em 1\u00b0 de fevereiro. Ser\u00e3o 1.473 beneficiados com a gratifica\u00e7\u00e3o. O governador do Cear\u00e1 tamb\u00e9m anunciou o reajuste de agentes rurais de n\u00edvel superior da Ematerce, que antes ganhavam R$ 2.700 e passar\u00e3o a ganhar R$ 3.510.&hellip;<\/p>\n","protected":false},"author":1,"featured_media":24191,"comment_status":"open","ping_status":"open","sticky":false,"template":"","format":"standard","meta":{"footnotes":""},"categories":[1],"tags":[],"class_list":["post-24190","post","type-post","status-publish","format-standard","has-post-thumbnail","hentry","category-noticias"],"_links":{"self":[{"href":"https:\/\/blogdorogeriogomes.com.br\/noticias\/wp-json\/wp\/v2\/posts\/24190","targetHints":{"allow":["GET"]}}],"collection":[{"href":"https:\/\/blogdorogeriogomes.com.br\/noticias\/wp-json\/wp\/v2\/posts"}],"about":[{"href":"https:\/\/blogdorogeriogomes.com.br\/noticias\/wp-json\/wp\/v2\/types\/post"}],"author":[{"embeddable":true,"href":"https:\/\/blogdorogeriogomes.com.br\/noticias\/wp-json\/wp\/v2\/users\/1"}],"replies":[{"embeddable":true,"href":"https:\/\/blogdorogeriogomes.com.br\/noticias\/wp-json\/wp\/v2\/comments?post=24190"}],"version-history":[{"count":2,"href":"https:\/\/blogdorogeriogomes.com.br\/noticias\/wp-json\/wp\/v2\/posts\/24190\/revisions"}],"predecessor-version":[{"id":24193,"href":"https:\/\/blogdorogeriogomes.com.br\/noticias\/wp-json\/wp\/v2\/posts\/24190\/revisions\/24193"}],"wp:featuredmedia":[{"embeddable":true,"href":"https:\/\/blogdorogeriogomes.com.br\/noticias\/wp-json\/wp\/v2\/media\/24191"}],"wp:attachment":[{"href":"https:\/\/blogdorogeriogomes.com.br\/noticias\/wp-json\/wp\/v2\/media?parent=24190"}],"wp:term":[{"taxonomy":"category","embeddable":true,"href":"https:\/\/blogdorogeriogomes.com.br\/noticias\/wp-json\/wp\/v2\/categories?post=24190"},{"taxonomy":"post_tag","embeddable":true,"href":"https:\/\/blogdorogeriogomes.com.br\/noticias\/wp-json\/wp\/v2\/tags?post=24190"}],"curies":[{"name":"wp","href":"https:\/\/api.w.org\/{rel}","templated":true}]}}