{"id":24198,"date":"2022-01-26T21:12:47","date_gmt":"2022-01-26T21:12:47","guid":{"rendered":"https:\/\/blogdorogeriogomes.com.br\/?p=24198"},"modified":"2022-01-27T13:24:57","modified_gmt":"2022-01-27T13:24:57","slug":"eficacia-das-vacinas-promove-reducao-de-82-dos-casos-graves-de-sindromes-gripais-em-upas-de-fortaleza","status":"publish","type":"post","link":"https:\/\/blogdorogeriogomes.com.br\/noticias\/2022\/01\/eficacia-das-vacinas-promove-reducao-de-82-dos-casos-graves-de-sindromes-gripais-em-upas-de-fortaleza\/","title":{"rendered":"Efic\u00e1cia das vacinas promove redu\u00e7\u00e3o de 82% dos casos graves de s\u00edndromes gripais em UPAs de Fortaleza"},"content":{"rendered":"\n<p>Os casos mais graves de s\u00edndromes gripais tiveram uma redu\u00e7\u00e3o de 82% nos atendimentos nas Unidades de Pronto Atendimento (UPAs) de Fortaleza em rela\u00e7\u00e3o \u00e0 primeira onda da Covid-19. A vacina\u00e7\u00e3o massiva da popula\u00e7\u00e3o \u00e9 apontada como respons\u00e1vel pela queda de interna\u00e7\u00f5es de pessoas com quadros mais severos na porta de entrada da rede p\u00fablica de sa\u00fade.<\/p>\n\n\n\n<p>Apesar da alta incid\u00eancia de casos de covid-19 em dezembro de 2021 e no m\u00eas incompleto de janeiro de 2022, os dados registrados em nove Unidades de Pronto Atendimento (UPAs) de Fortaleza indicam que o n\u00famero de transfer\u00eancias para unidades de alta complexidade nos 56.783 atendimentos realizados neste intervalo \u2013 at\u00e9 o \u00faltimo dia 19 \u2013 \u00e9 de 2.609 casos.<\/p>\n\n\n\n<p>Ou seja, apenas 4,59% do total de atendimentos evoluiu para quadros mais graves. O que atesta que a vacina\u00e7\u00e3o massiva da popula\u00e7\u00e3o cearense tem contribu\u00eddo para que os quadros mais severos sejam minoria absoluta na porta de entrada da rede p\u00fablica de sa\u00fade.<\/p>\n\n\n\n<p>Comparando com o cen\u00e1rio sem vacina\u00e7\u00e3o, nos meses de pico das duas ondas anteriores de covid-19 no Brasil \u2013 maio de 2020 e mar\u00e7o de 2021 \u2013 os \u00edndices de transfer\u00eancias pela confirma\u00e7\u00e3o ou suspeita da doen\u00e7a para leitos em unidades de m\u00e9dia e alta complexidade eram bem superiores aos atuais, chegando a uma diferen\u00e7a proporcional de 82% entre o atual per\u00edodo e a fase mais cr\u00edtica da primeira onda.<\/p>\n\n\n\n<p>Em maio de 2020, uma a cada quatro pessoas que buscavam as UPAs (25,61%) precisavam ser encaminhadas para leitos de hospitais de maior complexidade. Em mar\u00e7o de 2021, a necessidade de interna\u00e7\u00e3o \u2013 seja enfermaria ou UTI \u2013 chegava a 17,27% dos pacientes atendidos. No recorte atual, com a maioria da popula\u00e7\u00e3o vacinada, a cada vinte pessoas que d\u00e3o entrada nas UPAs apenas uma necessita de transfer\u00eancia.<\/p>\n\n\n\n<figure class=\"wp-block-image size-large\"><img loading=\"lazy\" decoding=\"async\" width=\"540\" height=\"304\" src=\"https:\/\/blogdorogeriogomes.com.br\/wp-content\/uploads\/2022\/01\/whatsapp-image-2021-01-29-at-18.59.35.jpeg\" alt=\"\" class=\"wp-image-24199\" srcset=\"https:\/\/blogdorogeriogomes.com.br\/noticias\/wp-content\/uploads\/2022\/01\/whatsapp-image-2021-01-29-at-18.59.35.jpeg 540w, https:\/\/blogdorogeriogomes.com.br\/noticias\/wp-content\/uploads\/2022\/01\/whatsapp-image-2021-01-29-at-18.59.35-300x169.jpeg 300w\" sizes=\"auto, (max-width: 540px) 100vw, 540px\" \/><\/figure>\n\n\n\n<p><\/p>\n\n\n\n<p>O governador Camilo Santana comentou os dados, que comprovam a efici\u00eancia da vacina no combate \u00e0 pandemia. Ele apelou para que as pessoas n\u00e3o deixem de se cadastrar e que completem o esquema vacinal, com as duas doses e a dose de refor\u00e7o.<\/p>\n","protected":false},"excerpt":{"rendered":"<p>Os casos mais graves de s\u00edndromes gripais tiveram uma redu\u00e7\u00e3o de 82% nos atendimentos nas Unidades de Pronto Atendimento (UPAs) de Fortaleza em rela\u00e7\u00e3o \u00e0 primeira onda da Covid-19. A vacina\u00e7\u00e3o massiva da popula\u00e7\u00e3o \u00e9 apontada como respons\u00e1vel pela queda de interna\u00e7\u00f5es de pessoas com quadros mais severos na porta de entrada da rede p\u00fablica de sa\u00fade. Apesar da alta incid\u00eancia de casos de covid-19 em dezembro de 2021 e no m\u00eas incompleto de janeiro de 2022, os dados&hellip;<\/p>\n","protected":false},"author":1,"featured_media":24199,"comment_status":"open","ping_status":"open","sticky":false,"template":"","format":"standard","meta":{"footnotes":""},"categories":[1],"tags":[],"class_list":["post-24198","post","type-post","status-publish","format-standard","has-post-thumbnail","hentry","category-noticias"],"_links":{"self":[{"href":"https:\/\/blogdorogeriogomes.com.br\/noticias\/wp-json\/wp\/v2\/posts\/24198","targetHints":{"allow":["GET"]}}],"collection":[{"href":"https:\/\/blogdorogeriogomes.com.br\/noticias\/wp-json\/wp\/v2\/posts"}],"about":[{"href":"https:\/\/blogdorogeriogomes.com.br\/noticias\/wp-json\/wp\/v2\/types\/post"}],"author":[{"embeddable":true,"href":"https:\/\/blogdorogeriogomes.com.br\/noticias\/wp-json\/wp\/v2\/users\/1"}],"replies":[{"embeddable":true,"href":"https:\/\/blogdorogeriogomes.com.br\/noticias\/wp-json\/wp\/v2\/comments?post=24198"}],"version-history":[{"count":1,"href":"https:\/\/blogdorogeriogomes.com.br\/noticias\/wp-json\/wp\/v2\/posts\/24198\/revisions"}],"predecessor-version":[{"id":24200,"href":"https:\/\/blogdorogeriogomes.com.br\/noticias\/wp-json\/wp\/v2\/posts\/24198\/revisions\/24200"}],"wp:featuredmedia":[{"embeddable":true,"href":"https:\/\/blogdorogeriogomes.com.br\/noticias\/wp-json\/wp\/v2\/media\/24199"}],"wp:attachment":[{"href":"https:\/\/blogdorogeriogomes.com.br\/noticias\/wp-json\/wp\/v2\/media?parent=24198"}],"wp:term":[{"taxonomy":"category","embeddable":true,"href":"https:\/\/blogdorogeriogomes.com.br\/noticias\/wp-json\/wp\/v2\/categories?post=24198"},{"taxonomy":"post_tag","embeddable":true,"href":"https:\/\/blogdorogeriogomes.com.br\/noticias\/wp-json\/wp\/v2\/tags?post=24198"}],"curies":[{"name":"wp","href":"https:\/\/api.w.org\/{rel}","templated":true}]}}