{"id":24202,"date":"2022-01-27T11:08:08","date_gmt":"2022-01-27T11:08:08","guid":{"rendered":"https:\/\/blogdorogeriogomes.com.br\/?p=24202"},"modified":"2022-01-27T13:24:49","modified_gmt":"2022-01-27T13:24:49","slug":"pt-psb-pc-do-b-e-pv-definem-como-vai-ficar-o-comando-da-federacao-partidaria","status":"publish","type":"post","link":"https:\/\/blogdorogeriogomes.com.br\/noticias\/2022\/01\/pt-psb-pc-do-b-e-pv-definem-como-vai-ficar-o-comando-da-federacao-partidaria\/","title":{"rendered":"PT, PSB, PC do B e PV definem como vai ficar o comando da federa\u00e7\u00e3o partid\u00e1ria"},"content":{"rendered":"\n<p>As dire\u00e7\u00f5es partid\u00e1rias do PT, PSB, PCdoB e PV definiram nesta quarta-feira, dia 26 de janeiro, em Bras\u00edlia, como ser\u00e1 dividido o comando da nova federa\u00e7\u00e3o partid\u00e1ria envolvendo as quatro legendas. Como tem maior n\u00famero de parlamentares, o PT ter\u00e1 a maioria da Assembleia Geral da federa\u00e7\u00e3o. O PT ter\u00e1 27 cadeiras no organismo, que ser\u00e1 formado por 50 membros. O PSB contar\u00e1 com 15 cadeiras, enquanto PCdoB e PV ter\u00e3o quatro cada. Com a federa\u00e7\u00e3o, os quatro partidos formar\u00e3o alian\u00e7as em todos os estados para as elei\u00e7\u00f5es de 2022.<\/p>\n\n\n\n<p>No PT, a prioridade \u00e9 uma bancada expressiva de deputados federais de esquerda para garantir a governabilidade a um eventual terceiro mandato do ex-presidente Luiz In\u00e1cio Lula da Silva, que lidera todas as pesquisas para as elei\u00e7\u00f5es.&nbsp;<\/p>\n\n\n\n<figure class=\"wp-block-image size-large\"><img loading=\"lazy\" decoding=\"async\" width=\"1024\" height=\"492\" src=\"https:\/\/blogdorogeriogomes.com.br\/wp-content\/uploads\/2022\/01\/20220120190136_ae1dafda73edf9446876348f84a19d2c241b9b067b79b5cf7e40588d2ed5873f-1024x492.jpg\" alt=\"\" class=\"wp-image-24203\" srcset=\"https:\/\/blogdorogeriogomes.com.br\/noticias\/wp-content\/uploads\/2022\/01\/20220120190136_ae1dafda73edf9446876348f84a19d2c241b9b067b79b5cf7e40588d2ed5873f-1024x492.jpg 1024w, https:\/\/blogdorogeriogomes.com.br\/noticias\/wp-content\/uploads\/2022\/01\/20220120190136_ae1dafda73edf9446876348f84a19d2c241b9b067b79b5cf7e40588d2ed5873f-300x144.jpg 300w, https:\/\/blogdorogeriogomes.com.br\/noticias\/wp-content\/uploads\/2022\/01\/20220120190136_ae1dafda73edf9446876348f84a19d2c241b9b067b79b5cf7e40588d2ed5873f-768x369.jpg 768w, https:\/\/blogdorogeriogomes.com.br\/noticias\/wp-content\/uploads\/2022\/01\/20220120190136_ae1dafda73edf9446876348f84a19d2c241b9b067b79b5cf7e40588d2ed5873f-800x384.jpg 800w, https:\/\/blogdorogeriogomes.com.br\/noticias\/wp-content\/uploads\/2022\/01\/20220120190136_ae1dafda73edf9446876348f84a19d2c241b9b067b79b5cf7e40588d2ed5873f.jpg 1250w\" sizes=\"auto, (max-width: 1024px) 100vw, 1024px\" \/><\/figure>\n","protected":false},"excerpt":{"rendered":"<p>As dire\u00e7\u00f5es partid\u00e1rias do PT, PSB, PCdoB e PV definiram nesta quarta-feira, dia 26 de janeiro, em Bras\u00edlia, como ser\u00e1 dividido o comando da nova federa\u00e7\u00e3o partid\u00e1ria envolvendo as quatro legendas. Como tem maior n\u00famero de parlamentares, o PT ter\u00e1 a maioria da Assembleia Geral da federa\u00e7\u00e3o. O PT ter\u00e1 27 cadeiras no organismo, que ser\u00e1 formado por 50 membros. O PSB contar\u00e1 com 15 cadeiras, enquanto PCdoB e PV ter\u00e3o quatro cada. Com a federa\u00e7\u00e3o, os quatro partidos&hellip;<\/p>\n","protected":false},"author":1,"featured_media":24203,"comment_status":"open","ping_status":"open","sticky":false,"template":"","format":"standard","meta":{"footnotes":""},"categories":[1],"tags":[],"class_list":["post-24202","post","type-post","status-publish","format-standard","has-post-thumbnail","hentry","category-noticias"],"_links":{"self":[{"href":"https:\/\/blogdorogeriogomes.com.br\/noticias\/wp-json\/wp\/v2\/posts\/24202","targetHints":{"allow":["GET"]}}],"collection":[{"href":"https:\/\/blogdorogeriogomes.com.br\/noticias\/wp-json\/wp\/v2\/posts"}],"about":[{"href":"https:\/\/blogdorogeriogomes.com.br\/noticias\/wp-json\/wp\/v2\/types\/post"}],"author":[{"embeddable":true,"href":"https:\/\/blogdorogeriogomes.com.br\/noticias\/wp-json\/wp\/v2\/users\/1"}],"replies":[{"embeddable":true,"href":"https:\/\/blogdorogeriogomes.com.br\/noticias\/wp-json\/wp\/v2\/comments?post=24202"}],"version-history":[{"count":2,"href":"https:\/\/blogdorogeriogomes.com.br\/noticias\/wp-json\/wp\/v2\/posts\/24202\/revisions"}],"predecessor-version":[{"id":24209,"href":"https:\/\/blogdorogeriogomes.com.br\/noticias\/wp-json\/wp\/v2\/posts\/24202\/revisions\/24209"}],"wp:featuredmedia":[{"embeddable":true,"href":"https:\/\/blogdorogeriogomes.com.br\/noticias\/wp-json\/wp\/v2\/media\/24203"}],"wp:attachment":[{"href":"https:\/\/blogdorogeriogomes.com.br\/noticias\/wp-json\/wp\/v2\/media?parent=24202"}],"wp:term":[{"taxonomy":"category","embeddable":true,"href":"https:\/\/blogdorogeriogomes.com.br\/noticias\/wp-json\/wp\/v2\/categories?post=24202"},{"taxonomy":"post_tag","embeddable":true,"href":"https:\/\/blogdorogeriogomes.com.br\/noticias\/wp-json\/wp\/v2\/tags?post=24202"}],"curies":[{"name":"wp","href":"https:\/\/api.w.org\/{rel}","templated":true}]}}