{"id":24214,"date":"2022-01-27T23:05:13","date_gmt":"2022-01-27T23:05:13","guid":{"rendered":"https:\/\/blogdorogeriogomes.com.br\/?p=24214"},"modified":"2022-01-28T00:30:10","modified_gmt":"2022-01-28T00:30:10","slug":"prefeitura-de-fortaleza-confirma-reajuste-diferenciado-para-professores-de-3324","status":"publish","type":"post","link":"https:\/\/blogdorogeriogomes.com.br\/noticias\/2022\/01\/prefeitura-de-fortaleza-confirma-reajuste-diferenciado-para-professores-de-3324\/","title":{"rendered":"Prefeitura de Fortaleza confirma reajuste diferenciado para professores de 33,24%"},"content":{"rendered":"\n<p>A Prefeitura de Fortaleza vai conceder aumento salarial aos professores de 33,24%, conforme o reajuste do piso definido pelo Governo Federal. O prefeito Jos\u00e9 Sarto anunciou nesta quinta-feira, dia 27 de janeiro, que al\u00e9m dos 11% que j\u00e1 haviam sido concedidos pelo Munic\u00edpio para este ano, haver\u00e1 o incremento de 22,24%, para totalizar o reajuste de 33,24%. Projeto de lei ser\u00e1 enviado \u00e0 C\u00e2mara Municipal na pr\u00f3xima semana.<\/p>\n\n\n\n<p>A secret\u00e1ria de Educa\u00e7\u00e3o de Fortaleza, Dalila Saldanha, explica que o processo \u00e9 poss\u00edvel por meio das verbas espec\u00edficas da educa\u00e7\u00e3o, como o Fundo de Manuten\u00e7\u00e3o e Desenvolvimento da Educa\u00e7\u00e3o B\u00e1sica (Fundeb).<\/p>\n\n\n\n<figure class=\"wp-block-image size-large\"><img loading=\"lazy\" decoding=\"async\" width=\"1024\" height=\"757\" src=\"https:\/\/blogdorogeriogomes.com.br\/wp-content\/uploads\/2022\/01\/27-01-2022-SME-53-1024x757.jpg\" alt=\"\" class=\"wp-image-24217\" srcset=\"https:\/\/blogdorogeriogomes.com.br\/noticias\/wp-content\/uploads\/2022\/01\/27-01-2022-SME-53-1024x757.jpg 1024w, https:\/\/blogdorogeriogomes.com.br\/noticias\/wp-content\/uploads\/2022\/01\/27-01-2022-SME-53-300x222.jpg 300w, https:\/\/blogdorogeriogomes.com.br\/noticias\/wp-content\/uploads\/2022\/01\/27-01-2022-SME-53-768x567.jpg 768w, https:\/\/blogdorogeriogomes.com.br\/noticias\/wp-content\/uploads\/2022\/01\/27-01-2022-SME-53-1536x1135.jpg 1536w, https:\/\/blogdorogeriogomes.com.br\/noticias\/wp-content\/uploads\/2022\/01\/27-01-2022-SME-53-800x591.jpg 800w, https:\/\/blogdorogeriogomes.com.br\/noticias\/wp-content\/uploads\/2022\/01\/27-01-2022-SME-53.jpg 1826w\" sizes=\"auto, (max-width: 1024px) 100vw, 1024px\" \/><\/figure>\n","protected":false},"excerpt":{"rendered":"<p>A Prefeitura de Fortaleza vai conceder aumento salarial aos professores de 33,24%, conforme o reajuste do piso definido pelo Governo Federal. O prefeito Jos\u00e9 Sarto anunciou nesta quinta-feira, dia 27 de janeiro, que al\u00e9m dos 11% que j\u00e1 haviam sido concedidos pelo Munic\u00edpio para este ano, haver\u00e1 o incremento de 22,24%, para totalizar o reajuste de 33,24%. Projeto de lei ser\u00e1 enviado \u00e0 C\u00e2mara Municipal na pr\u00f3xima semana. A secret\u00e1ria de Educa\u00e7\u00e3o de Fortaleza, Dalila Saldanha, explica que o&hellip;<\/p>\n","protected":false},"author":1,"featured_media":24217,"comment_status":"open","ping_status":"open","sticky":false,"template":"","format":"standard","meta":{"footnotes":""},"categories":[1],"tags":[],"class_list":["post-24214","post","type-post","status-publish","format-standard","has-post-thumbnail","hentry","category-noticias"],"_links":{"self":[{"href":"https:\/\/blogdorogeriogomes.com.br\/noticias\/wp-json\/wp\/v2\/posts\/24214","targetHints":{"allow":["GET"]}}],"collection":[{"href":"https:\/\/blogdorogeriogomes.com.br\/noticias\/wp-json\/wp\/v2\/posts"}],"about":[{"href":"https:\/\/blogdorogeriogomes.com.br\/noticias\/wp-json\/wp\/v2\/types\/post"}],"author":[{"embeddable":true,"href":"https:\/\/blogdorogeriogomes.com.br\/noticias\/wp-json\/wp\/v2\/users\/1"}],"replies":[{"embeddable":true,"href":"https:\/\/blogdorogeriogomes.com.br\/noticias\/wp-json\/wp\/v2\/comments?post=24214"}],"version-history":[{"count":1,"href":"https:\/\/blogdorogeriogomes.com.br\/noticias\/wp-json\/wp\/v2\/posts\/24214\/revisions"}],"predecessor-version":[{"id":24218,"href":"https:\/\/blogdorogeriogomes.com.br\/noticias\/wp-json\/wp\/v2\/posts\/24214\/revisions\/24218"}],"wp:featuredmedia":[{"embeddable":true,"href":"https:\/\/blogdorogeriogomes.com.br\/noticias\/wp-json\/wp\/v2\/media\/24217"}],"wp:attachment":[{"href":"https:\/\/blogdorogeriogomes.com.br\/noticias\/wp-json\/wp\/v2\/media?parent=24214"}],"wp:term":[{"taxonomy":"category","embeddable":true,"href":"https:\/\/blogdorogeriogomes.com.br\/noticias\/wp-json\/wp\/v2\/categories?post=24214"},{"taxonomy":"post_tag","embeddable":true,"href":"https:\/\/blogdorogeriogomes.com.br\/noticias\/wp-json\/wp\/v2\/tags?post=24214"}],"curies":[{"name":"wp","href":"https:\/\/api.w.org\/{rel}","templated":true}]}}