{"id":24219,"date":"2022-01-28T10:55:05","date_gmt":"2022-01-28T10:55:05","guid":{"rendered":"https:\/\/blogdorogeriogomes.com.br\/?p=24219"},"modified":"2022-01-28T19:33:26","modified_gmt":"2022-01-28T19:33:26","slug":"governo-estadual-estuda-datas-para-realizacao-dos-primeiros-concursos-publicos-de-2022","status":"publish","type":"post","link":"https:\/\/blogdorogeriogomes.com.br\/noticias\/2022\/01\/governo-estadual-estuda-datas-para-realizacao-dos-primeiros-concursos-publicos-de-2022\/","title":{"rendered":"Governo Estadual estuda datas para realiza\u00e7\u00e3o dos primeiros concursos p\u00fablicos de 2022"},"content":{"rendered":"\n<p>O governador do Cear\u00e1, Camilo Santana, se reuniu, nesta quinta-feira, dia 27 de janeiro, com os secret\u00e1rios da Casa Civil, Seplag, Sefaz e a vice-governadora Izolda Cela para tratar sobre os concursos p\u00fablicos para este ano. Camilo anunciou concursos para as tr\u00eas universidades estaduais (Uece, Urca e UVA); Semace, Metrofor, ARCE e secretarias de Prote\u00e7\u00e3o Social e do Desenvolvimento Agr\u00e1rio. &#8220;Em breve anunciaremos o quantitativo de vagas em cada \u00e1rea. Nos \u00faltimos anos temos fortalecido as contrata\u00e7\u00f5es em todas as \u00e1reas para garantir um servi\u00e7o de qualidade para os cearenses. Sempre com muita responsabilidade, para garantir o equil\u00edbrio fiscal do estado&#8221;, afirmou o governador.<\/p>\n\n\n\n<p>A secret\u00e1ria da Fazenda do Cear\u00e1, Fernanda Pacobayba, tamb\u00e9m presente \u00e0 reuni\u00e3o com o governador, confirmou que os propriet\u00e1rios de ve\u00edculos emplacados no Cear\u00e1 t\u00eam at\u00e9 a pr\u00f3xima segunda-feira, dia 31, para pagar a cota \u00fanica do Imposto sobre a Propriedade de Ve\u00edculos Automotores (IPVA) 2022 com desconto de 10%. O benef\u00edcio pode ser acumulado ainda com o desconto de at\u00e9 5% pelo programa Sua Nota Tem Valor, para os participantes que acumularam pontos em 2021, resultando em at\u00e9 15% de redu\u00e7\u00e3o do valor do IPVA. At\u00e9 o momento, cerca de 320 mil contribuintes j\u00e1 quitaram o imposto e aproveitaram o benef\u00edcio.<\/p>\n\n\n\n<figure class=\"wp-block-image size-large\"><img loading=\"lazy\" decoding=\"async\" width=\"853\" height=\"568\" src=\"https:\/\/blogdorogeriogomes.com.br\/wp-content\/uploads\/2022\/01\/IMG-20220128-WA0006.jpg\" alt=\"\" class=\"wp-image-24220\" srcset=\"https:\/\/blogdorogeriogomes.com.br\/noticias\/wp-content\/uploads\/2022\/01\/IMG-20220128-WA0006.jpg 853w, https:\/\/blogdorogeriogomes.com.br\/noticias\/wp-content\/uploads\/2022\/01\/IMG-20220128-WA0006-300x200.jpg 300w, https:\/\/blogdorogeriogomes.com.br\/noticias\/wp-content\/uploads\/2022\/01\/IMG-20220128-WA0006-768x511.jpg 768w, https:\/\/blogdorogeriogomes.com.br\/noticias\/wp-content\/uploads\/2022\/01\/IMG-20220128-WA0006-800x533.jpg 800w\" sizes=\"auto, (max-width: 853px) 100vw, 853px\" \/><\/figure>\n","protected":false},"excerpt":{"rendered":"<p>O governador do Cear\u00e1, Camilo Santana, se reuniu, nesta quinta-feira, dia 27 de janeiro, com os secret\u00e1rios da Casa Civil, Seplag, Sefaz e a vice-governadora Izolda Cela para tratar sobre os concursos p\u00fablicos para este ano. Camilo anunciou concursos para as tr\u00eas universidades estaduais (Uece, Urca e UVA); Semace, Metrofor, ARCE e secretarias de Prote\u00e7\u00e3o Social e do Desenvolvimento Agr\u00e1rio. &#8220;Em breve anunciaremos o quantitativo de vagas em cada \u00e1rea. Nos \u00faltimos anos temos fortalecido as contrata\u00e7\u00f5es em todas&hellip;<\/p>\n","protected":false},"author":1,"featured_media":24220,"comment_status":"open","ping_status":"open","sticky":false,"template":"","format":"standard","meta":{"footnotes":""},"categories":[1],"tags":[],"class_list":["post-24219","post","type-post","status-publish","format-standard","has-post-thumbnail","hentry","category-noticias"],"_links":{"self":[{"href":"https:\/\/blogdorogeriogomes.com.br\/noticias\/wp-json\/wp\/v2\/posts\/24219","targetHints":{"allow":["GET"]}}],"collection":[{"href":"https:\/\/blogdorogeriogomes.com.br\/noticias\/wp-json\/wp\/v2\/posts"}],"about":[{"href":"https:\/\/blogdorogeriogomes.com.br\/noticias\/wp-json\/wp\/v2\/types\/post"}],"author":[{"embeddable":true,"href":"https:\/\/blogdorogeriogomes.com.br\/noticias\/wp-json\/wp\/v2\/users\/1"}],"replies":[{"embeddable":true,"href":"https:\/\/blogdorogeriogomes.com.br\/noticias\/wp-json\/wp\/v2\/comments?post=24219"}],"version-history":[{"count":1,"href":"https:\/\/blogdorogeriogomes.com.br\/noticias\/wp-json\/wp\/v2\/posts\/24219\/revisions"}],"predecessor-version":[{"id":24221,"href":"https:\/\/blogdorogeriogomes.com.br\/noticias\/wp-json\/wp\/v2\/posts\/24219\/revisions\/24221"}],"wp:featuredmedia":[{"embeddable":true,"href":"https:\/\/blogdorogeriogomes.com.br\/noticias\/wp-json\/wp\/v2\/media\/24220"}],"wp:attachment":[{"href":"https:\/\/blogdorogeriogomes.com.br\/noticias\/wp-json\/wp\/v2\/media?parent=24219"}],"wp:term":[{"taxonomy":"category","embeddable":true,"href":"https:\/\/blogdorogeriogomes.com.br\/noticias\/wp-json\/wp\/v2\/categories?post=24219"},{"taxonomy":"post_tag","embeddable":true,"href":"https:\/\/blogdorogeriogomes.com.br\/noticias\/wp-json\/wp\/v2\/tags?post=24219"}],"curies":[{"name":"wp","href":"https:\/\/api.w.org\/{rel}","templated":true}]}}