{"id":24222,"date":"2022-01-28T11:38:43","date_gmt":"2022-01-28T11:38:43","guid":{"rendered":"https:\/\/blogdorogeriogomes.com.br\/?p=24222"},"modified":"2022-01-28T19:33:17","modified_gmt":"2022-01-28T19:33:17","slug":"bolsonaro-e-convocado-por-alexandre-de-moraes-a-depor-na-pf-nesta-sexta-feira-agu-tenta-adiar-depoimento","status":"publish","type":"post","link":"https:\/\/blogdorogeriogomes.com.br\/noticias\/2022\/01\/bolsonaro-e-convocado-por-alexandre-de-moraes-a-depor-na-pf-nesta-sexta-feira-agu-tenta-adiar-depoimento\/","title":{"rendered":"Bolsonaro \u00e9 convocado por Alexandre de Moraes a depor na PF nesta sexta-feira. AGU tenta adiar depoimento"},"content":{"rendered":"\n<p>Em Bras\u00edlia, a expectativa nesta sexta-feira, dia 28 de janeiro, \u00e9 pelo depoimento do presidente Jair Bolsonaro na Pol\u00edcia Federal. Ele poder\u00e1 ser enquadrado no crime de responsabilidade caso descumpra a determina\u00e7\u00e3o do ministro Alexandre de Moraes, do STF, para que o chefe de governo preste depoimento \u00e0 Superintend\u00eancia da Pol\u00edcia Federal de Bras\u00edlia. A delegada Denisse Dias Rosas Ribeiro j\u00e1 foi comunicada oficialmente. <\/p>\n\n\n\n<p>A&nbsp;decis\u00e3o de Alexandre de Moraes responde a um pedido da Advocacia-Geral da Uni\u00e3o (AGU) para que Bolsonaro n\u00e3o comparecesse ao depoimento. O inqu\u00e9rito aberto pelo STF apura poss\u00edvel vazamento de documentos sigilosos de uma investiga\u00e7\u00e3o da Pol\u00edcia Federal a respeito de ataque hacker ao Tribunal Superior Eleitoral (TSE).&nbsp;Os documentos foram divulgados por Bolsonaro nas redes sociais durante transmiss\u00e3o ao vivo em julho do ano passado.<\/p>\n\n\n\n<figure class=\"wp-block-image size-large\"><img loading=\"lazy\" decoding=\"async\" width=\"640\" height=\"424\" src=\"https:\/\/blogdorogeriogomes.com.br\/wp-content\/uploads\/2022\/01\/images-27.jpeg\" alt=\"\" class=\"wp-image-24223\" srcset=\"https:\/\/blogdorogeriogomes.com.br\/noticias\/wp-content\/uploads\/2022\/01\/images-27.jpeg 640w, https:\/\/blogdorogeriogomes.com.br\/noticias\/wp-content\/uploads\/2022\/01\/images-27-300x199.jpeg 300w\" sizes=\"auto, (max-width: 640px) 100vw, 640px\" \/><\/figure>\n","protected":false},"excerpt":{"rendered":"<p>Em Bras\u00edlia, a expectativa nesta sexta-feira, dia 28 de janeiro, \u00e9 pelo depoimento do presidente Jair Bolsonaro na Pol\u00edcia Federal. Ele poder\u00e1 ser enquadrado no crime de responsabilidade caso descumpra a determina\u00e7\u00e3o do ministro Alexandre de Moraes, do STF, para que o chefe de governo preste depoimento \u00e0 Superintend\u00eancia da Pol\u00edcia Federal de Bras\u00edlia. A delegada Denisse Dias Rosas Ribeiro j\u00e1 foi comunicada oficialmente. A&nbsp;decis\u00e3o de Alexandre de Moraes responde a um pedido da Advocacia-Geral da Uni\u00e3o (AGU) para&hellip;<\/p>\n","protected":false},"author":1,"featured_media":24223,"comment_status":"open","ping_status":"open","sticky":false,"template":"","format":"standard","meta":{"footnotes":""},"categories":[1],"tags":[],"class_list":["post-24222","post","type-post","status-publish","format-standard","has-post-thumbnail","hentry","category-noticias"],"_links":{"self":[{"href":"https:\/\/blogdorogeriogomes.com.br\/noticias\/wp-json\/wp\/v2\/posts\/24222","targetHints":{"allow":["GET"]}}],"collection":[{"href":"https:\/\/blogdorogeriogomes.com.br\/noticias\/wp-json\/wp\/v2\/posts"}],"about":[{"href":"https:\/\/blogdorogeriogomes.com.br\/noticias\/wp-json\/wp\/v2\/types\/post"}],"author":[{"embeddable":true,"href":"https:\/\/blogdorogeriogomes.com.br\/noticias\/wp-json\/wp\/v2\/users\/1"}],"replies":[{"embeddable":true,"href":"https:\/\/blogdorogeriogomes.com.br\/noticias\/wp-json\/wp\/v2\/comments?post=24222"}],"version-history":[{"count":2,"href":"https:\/\/blogdorogeriogomes.com.br\/noticias\/wp-json\/wp\/v2\/posts\/24222\/revisions"}],"predecessor-version":[{"id":24231,"href":"https:\/\/blogdorogeriogomes.com.br\/noticias\/wp-json\/wp\/v2\/posts\/24222\/revisions\/24231"}],"wp:featuredmedia":[{"embeddable":true,"href":"https:\/\/blogdorogeriogomes.com.br\/noticias\/wp-json\/wp\/v2\/media\/24223"}],"wp:attachment":[{"href":"https:\/\/blogdorogeriogomes.com.br\/noticias\/wp-json\/wp\/v2\/media?parent=24222"}],"wp:term":[{"taxonomy":"category","embeddable":true,"href":"https:\/\/blogdorogeriogomes.com.br\/noticias\/wp-json\/wp\/v2\/categories?post=24222"},{"taxonomy":"post_tag","embeddable":true,"href":"https:\/\/blogdorogeriogomes.com.br\/noticias\/wp-json\/wp\/v2\/tags?post=24222"}],"curies":[{"name":"wp","href":"https:\/\/api.w.org\/{rel}","templated":true}]}}