{"id":24225,"date":"2022-01-28T19:09:03","date_gmt":"2022-01-28T19:09:03","guid":{"rendered":"https:\/\/blogdorogeriogomes.com.br\/?p=24225"},"modified":"2022-01-28T19:33:08","modified_gmt":"2022-01-28T19:33:08","slug":"novo-decreto-da-covid-mantem-as-mesmas-restricoes-as-aglomeracoes-segundo-a-sesa-ha-tendencia-de-estabilizacao-de-casos","status":"publish","type":"post","link":"https:\/\/blogdorogeriogomes.com.br\/noticias\/2022\/01\/novo-decreto-da-covid-mantem-as-mesmas-restricoes-as-aglomeracoes-segundo-a-sesa-ha-tendencia-de-estabilizacao-de-casos\/","title":{"rendered":"Novo decreto da Covid mant\u00e9m as mesmas restri\u00e7\u00f5es \u00e0s aglomera\u00e7\u00f5es. Segundo a Sesa, h\u00e1 tend\u00eancia de estabiliza\u00e7\u00e3o de casos"},"content":{"rendered":"\n<p>As festas de Pr\u00e9 Carnaval e Carnaval continuam suspensas no novo Decreto Estadual de Enfrentamento \u00e0 Covid-19, que passa a vigorar a partir de segunda-feira, dia 31 de janeiro. As restri\u00e7\u00f5es \u00e0s aglomera\u00e7\u00f5es continuam as mesmas do atual decreto em vigor, com redu\u00e7\u00e3o de p\u00fablico em eventos sociais (250 pessoas em ambientes fechados e 500 em espa\u00e7os abertos) e 30% da capacidade para os jogos de futebol. <\/p>\n\n\n\n<p>Segundo o governador Camilo Santana, h\u00e1 uma tend\u00eancia de estabilidade nos casos de Covid e s\u00edndromes gripais no Cear\u00e1. &#8221; No dia 4 de fevereiro que antecede esta data (do fim das restri\u00e7\u00f5es de p\u00fablico), teremos reuni\u00e3o novamente. Vamos avaliar os n\u00fameros pra saber se essa tend\u00eancia de estabilidade de casos vai ser consistente&#8221;, disse Camilo.<\/p>\n\n\n\n<figure class=\"wp-block-image size-large\"><img loading=\"lazy\" decoding=\"async\" width=\"678\" height=\"452\" src=\"https:\/\/blogdorogeriogomes.com.br\/wp-content\/uploads\/2022\/01\/images-31.jpeg\" alt=\"\" class=\"wp-image-24226\" srcset=\"https:\/\/blogdorogeriogomes.com.br\/noticias\/wp-content\/uploads\/2022\/01\/images-31.jpeg 678w, https:\/\/blogdorogeriogomes.com.br\/noticias\/wp-content\/uploads\/2022\/01\/images-31-300x200.jpeg 300w\" sizes=\"auto, (max-width: 678px) 100vw, 678px\" \/><\/figure>\n","protected":false},"excerpt":{"rendered":"<p>As festas de Pr\u00e9 Carnaval e Carnaval continuam suspensas no novo Decreto Estadual de Enfrentamento \u00e0 Covid-19, que passa a vigorar a partir de segunda-feira, dia 31 de janeiro. As restri\u00e7\u00f5es \u00e0s aglomera\u00e7\u00f5es continuam as mesmas do atual decreto em vigor, com redu\u00e7\u00e3o de p\u00fablico em eventos sociais (250 pessoas em ambientes fechados e 500 em espa\u00e7os abertos) e 30% da capacidade para os jogos de futebol. Segundo o governador Camilo Santana, h\u00e1 uma tend\u00eancia de estabilidade nos casos&hellip;<\/p>\n","protected":false},"author":1,"featured_media":24226,"comment_status":"open","ping_status":"open","sticky":false,"template":"","format":"standard","meta":{"footnotes":""},"categories":[1],"tags":[],"class_list":["post-24225","post","type-post","status-publish","format-standard","has-post-thumbnail","hentry","category-noticias"],"_links":{"self":[{"href":"https:\/\/blogdorogeriogomes.com.br\/noticias\/wp-json\/wp\/v2\/posts\/24225","targetHints":{"allow":["GET"]}}],"collection":[{"href":"https:\/\/blogdorogeriogomes.com.br\/noticias\/wp-json\/wp\/v2\/posts"}],"about":[{"href":"https:\/\/blogdorogeriogomes.com.br\/noticias\/wp-json\/wp\/v2\/types\/post"}],"author":[{"embeddable":true,"href":"https:\/\/blogdorogeriogomes.com.br\/noticias\/wp-json\/wp\/v2\/users\/1"}],"replies":[{"embeddable":true,"href":"https:\/\/blogdorogeriogomes.com.br\/noticias\/wp-json\/wp\/v2\/comments?post=24225"}],"version-history":[{"count":1,"href":"https:\/\/blogdorogeriogomes.com.br\/noticias\/wp-json\/wp\/v2\/posts\/24225\/revisions"}],"predecessor-version":[{"id":24227,"href":"https:\/\/blogdorogeriogomes.com.br\/noticias\/wp-json\/wp\/v2\/posts\/24225\/revisions\/24227"}],"wp:featuredmedia":[{"embeddable":true,"href":"https:\/\/blogdorogeriogomes.com.br\/noticias\/wp-json\/wp\/v2\/media\/24226"}],"wp:attachment":[{"href":"https:\/\/blogdorogeriogomes.com.br\/noticias\/wp-json\/wp\/v2\/media?parent=24225"}],"wp:term":[{"taxonomy":"category","embeddable":true,"href":"https:\/\/blogdorogeriogomes.com.br\/noticias\/wp-json\/wp\/v2\/categories?post=24225"},{"taxonomy":"post_tag","embeddable":true,"href":"https:\/\/blogdorogeriogomes.com.br\/noticias\/wp-json\/wp\/v2\/tags?post=24225"}],"curies":[{"name":"wp","href":"https:\/\/api.w.org\/{rel}","templated":true}]}}