{"id":24232,"date":"2022-01-29T09:16:15","date_gmt":"2022-01-29T09:16:15","guid":{"rendered":"https:\/\/blogdorogeriogomes.com.br\/?p=24232"},"modified":"2022-01-29T18:10:27","modified_gmt":"2022-01-29T18:10:27","slug":"camilo-santana-classifica-de-cegueira-politica-o-movimento-de-petistas-contra-alianca-com-o-pdt-no-ceara","status":"publish","type":"post","link":"https:\/\/blogdorogeriogomes.com.br\/noticias\/2022\/01\/camilo-santana-classifica-de-cegueira-politica-o-movimento-de-petistas-contra-alianca-com-o-pdt-no-ceara\/","title":{"rendered":"Camilo Santana classifica de &#8220;cegueira pol\u00edtica&#8221; o movimento de petistas contra alian\u00e7a com o PDT no Cear\u00e1"},"content":{"rendered":"\n<p>O governador do Cear\u00e1, Camilo Santana (PT), reagiu com dureza ao movimento de alguns petistas que se posicionam contra a manuten\u00e7\u00e3o da alian\u00e7a entre o PT e PDT no Estado. A articula\u00e7\u00e3o foi puxada pelos deputados federais Luizianne Lins e Jos\u00e9 Airton Cirilo, acompanhados do estadual Elmano Freitas, que defendem candidatura pr\u00f3pria do PT ao Governo do Estado e o afastamento de Camilo dos irm\u00e3os Cid e Ciro Gomes, do PDT.<\/p>\n\n\n\n<p>&nbsp;\u201cAcho que essas pessoas precisam sair da bolha\u201d, disse Camilo Santana, que classificou o movimento dos parlamentares de &#8220;radicalismo&#8221; e &#8220;cegueira pol\u00edtica&#8221;. Para o governador, que deve sair candidato ao Senado em 2022, a alian\u00e7a estadual com o PDT deve seguir firme. E a tend\u00eancia \u00e9 que Lula e Ciro Gomes devem ter palanques separados no Cear\u00e1 na disputa pela Presid\u00eancia da Rep\u00fablica.<\/p>\n\n\n\n<p>&#8220;O que precisamos \u00e9 construir consensos e pensar na defesa da democracia e fazer com que o Cear\u00e1 siga no rumo de reduzir desigualdades, investir na educa\u00e7\u00e3o, combater a criminalidade e principalmente proteger as pessoas que mais precisam. Ent\u00e3o lamento e, felizmente, a imensa maioria do partido n\u00e3o pensa dessa forma\u201d, completou Camilo sobre o descontentamento dos deputados federais Jos\u00e9 Airton e Luizianne Lins.<\/p>\n\n\n\n<figure class=\"wp-block-image size-large\"><img loading=\"lazy\" decoding=\"async\" width=\"678\" height=\"452\" src=\"https:\/\/blogdorogeriogomes.com.br\/wp-content\/uploads\/2022\/01\/images-33.jpeg\" alt=\"\" class=\"wp-image-24233\" srcset=\"https:\/\/blogdorogeriogomes.com.br\/noticias\/wp-content\/uploads\/2022\/01\/images-33.jpeg 678w, https:\/\/blogdorogeriogomes.com.br\/noticias\/wp-content\/uploads\/2022\/01\/images-33-300x200.jpeg 300w\" sizes=\"auto, (max-width: 678px) 100vw, 678px\" \/><\/figure>\n","protected":false},"excerpt":{"rendered":"<p>O governador do Cear\u00e1, Camilo Santana (PT), reagiu com dureza ao movimento de alguns petistas que se posicionam contra a manuten\u00e7\u00e3o da alian\u00e7a entre o PT e PDT no Estado. A articula\u00e7\u00e3o foi puxada pelos deputados federais Luizianne Lins e Jos\u00e9 Airton Cirilo, acompanhados do estadual Elmano Freitas, que defendem candidatura pr\u00f3pria do PT ao Governo do Estado e o afastamento de Camilo dos irm\u00e3os Cid e Ciro Gomes, do PDT. &nbsp;\u201cAcho que essas pessoas precisam sair da bolha\u201d,&hellip;<\/p>\n","protected":false},"author":1,"featured_media":24233,"comment_status":"open","ping_status":"open","sticky":false,"template":"","format":"standard","meta":{"footnotes":""},"categories":[1],"tags":[],"class_list":["post-24232","post","type-post","status-publish","format-standard","has-post-thumbnail","hentry","category-noticias"],"_links":{"self":[{"href":"https:\/\/blogdorogeriogomes.com.br\/noticias\/wp-json\/wp\/v2\/posts\/24232","targetHints":{"allow":["GET"]}}],"collection":[{"href":"https:\/\/blogdorogeriogomes.com.br\/noticias\/wp-json\/wp\/v2\/posts"}],"about":[{"href":"https:\/\/blogdorogeriogomes.com.br\/noticias\/wp-json\/wp\/v2\/types\/post"}],"author":[{"embeddable":true,"href":"https:\/\/blogdorogeriogomes.com.br\/noticias\/wp-json\/wp\/v2\/users\/1"}],"replies":[{"embeddable":true,"href":"https:\/\/blogdorogeriogomes.com.br\/noticias\/wp-json\/wp\/v2\/comments?post=24232"}],"version-history":[{"count":2,"href":"https:\/\/blogdorogeriogomes.com.br\/noticias\/wp-json\/wp\/v2\/posts\/24232\/revisions"}],"predecessor-version":[{"id":24239,"href":"https:\/\/blogdorogeriogomes.com.br\/noticias\/wp-json\/wp\/v2\/posts\/24232\/revisions\/24239"}],"wp:featuredmedia":[{"embeddable":true,"href":"https:\/\/blogdorogeriogomes.com.br\/noticias\/wp-json\/wp\/v2\/media\/24233"}],"wp:attachment":[{"href":"https:\/\/blogdorogeriogomes.com.br\/noticias\/wp-json\/wp\/v2\/media?parent=24232"}],"wp:term":[{"taxonomy":"category","embeddable":true,"href":"https:\/\/blogdorogeriogomes.com.br\/noticias\/wp-json\/wp\/v2\/categories?post=24232"},{"taxonomy":"post_tag","embeddable":true,"href":"https:\/\/blogdorogeriogomes.com.br\/noticias\/wp-json\/wp\/v2\/tags?post=24232"}],"curies":[{"name":"wp","href":"https:\/\/api.w.org\/{rel}","templated":true}]}}