{"id":24240,"date":"2022-01-31T11:27:54","date_gmt":"2022-01-31T11:27:54","guid":{"rendered":"https:\/\/blogdorogeriogomes.com.br\/?p=24240"},"modified":"2022-01-31T12:11:30","modified_gmt":"2022-01-31T12:11:30","slug":"aulas-presenciais-retornam-esta-semana-nas-redes-publicas-do-ceara-e-de-fortaleza","status":"publish","type":"post","link":"https:\/\/blogdorogeriogomes.com.br\/noticias\/2022\/01\/aulas-presenciais-retornam-esta-semana-nas-redes-publicas-do-ceara-e-de-fortaleza\/","title":{"rendered":"Aulas presenciais retornam esta semana nas redes p\u00fablicas do Cear\u00e1 e de Fortaleza"},"content":{"rendered":"\n<p>As aulas presenciais retornam esta semana nas redes p\u00fablicas estadual e municipal em Fortaleza, mas com alguns protocolos sanit\u00e1rios por causa do aumento nos \u00edndices da Covid-19. <\/p>\n\n\n\n<p>Na rede estadual, as aulas voltam nesta segunda-feira, dia 31 de janeiro. Ser\u00e1 exigida c\u00f3pia do cart\u00e3o de vacina\u00e7\u00e3o para estudantes com 12 anos ou mais. A falta do documento n\u00e3o impedir\u00e1 o ato da matr\u00edcula. No entanto, ser\u00e1 dado prazo de 30 dias para apresentar o comprovante, nem que seja com a primeira dose.<\/p>\n\n\n\n<p>Na rede p\u00fablica municipal de Fortaleza, as aulas voltam nesta ter\u00e7a-feira, dia 1\u00b0 de fevereiro. Tamb\u00e9m ser\u00e1 exigido o comprovante de vacina\u00e7\u00e3o. A Secretaria Municipal de Educa\u00e7\u00e3o informou que a apresenta\u00e7\u00e3o do cart\u00e3o de vacina atualizado \u00e9 uma obrigatoriedade para a matr\u00edcula e rematr\u00edcula de alunos at\u00e9 18 anos. A falta dele n\u00e3o impossibilita a matr\u00edcula, mas deve ser entregue em at\u00e9 30 dias, sob pena de comunica\u00e7\u00e3o, por parte das escolas, ao Conselho Tutelar e ao Minist\u00e9rio P\u00fablico.<\/p>\n\n\n\n<p>Por for\u00e7a do Decreto Estadual de Enfrentamento \u00e0 Covid-19, os professores devem utilizar m\u00e1scaras N95 a serem fornecidas pelo Poder P\u00fablico. Apesar das aulas serem presenciais, todos os cuidados sanit\u00e1rios devem ser tomados em sala de aula.<\/p>\n\n\n\n<figure class=\"wp-block-image size-large\"><img loading=\"lazy\" decoding=\"async\" width=\"678\" height=\"452\" src=\"https:\/\/blogdorogeriogomes.com.br\/wp-content\/uploads\/2022\/01\/images-35.jpeg\" alt=\"\" class=\"wp-image-24241\" srcset=\"https:\/\/blogdorogeriogomes.com.br\/noticias\/wp-content\/uploads\/2022\/01\/images-35.jpeg 678w, https:\/\/blogdorogeriogomes.com.br\/noticias\/wp-content\/uploads\/2022\/01\/images-35-300x200.jpeg 300w\" sizes=\"auto, (max-width: 678px) 100vw, 678px\" \/><\/figure>\n","protected":false},"excerpt":{"rendered":"<p>As aulas presenciais retornam esta semana nas redes p\u00fablicas estadual e municipal em Fortaleza, mas com alguns protocolos sanit\u00e1rios por causa do aumento nos \u00edndices da Covid-19. Na rede estadual, as aulas voltam nesta segunda-feira, dia 31 de janeiro. Ser\u00e1 exigida c\u00f3pia do cart\u00e3o de vacina\u00e7\u00e3o para estudantes com 12 anos ou mais. A falta do documento n\u00e3o impedir\u00e1 o ato da matr\u00edcula. No entanto, ser\u00e1 dado prazo de 30 dias para apresentar o comprovante, nem que seja com&hellip;<\/p>\n","protected":false},"author":1,"featured_media":24241,"comment_status":"open","ping_status":"open","sticky":false,"template":"","format":"standard","meta":{"footnotes":""},"categories":[1],"tags":[],"class_list":["post-24240","post","type-post","status-publish","format-standard","has-post-thumbnail","hentry","category-noticias"],"_links":{"self":[{"href":"https:\/\/blogdorogeriogomes.com.br\/noticias\/wp-json\/wp\/v2\/posts\/24240","targetHints":{"allow":["GET"]}}],"collection":[{"href":"https:\/\/blogdorogeriogomes.com.br\/noticias\/wp-json\/wp\/v2\/posts"}],"about":[{"href":"https:\/\/blogdorogeriogomes.com.br\/noticias\/wp-json\/wp\/v2\/types\/post"}],"author":[{"embeddable":true,"href":"https:\/\/blogdorogeriogomes.com.br\/noticias\/wp-json\/wp\/v2\/users\/1"}],"replies":[{"embeddable":true,"href":"https:\/\/blogdorogeriogomes.com.br\/noticias\/wp-json\/wp\/v2\/comments?post=24240"}],"version-history":[{"count":1,"href":"https:\/\/blogdorogeriogomes.com.br\/noticias\/wp-json\/wp\/v2\/posts\/24240\/revisions"}],"predecessor-version":[{"id":24242,"href":"https:\/\/blogdorogeriogomes.com.br\/noticias\/wp-json\/wp\/v2\/posts\/24240\/revisions\/24242"}],"wp:featuredmedia":[{"embeddable":true,"href":"https:\/\/blogdorogeriogomes.com.br\/noticias\/wp-json\/wp\/v2\/media\/24241"}],"wp:attachment":[{"href":"https:\/\/blogdorogeriogomes.com.br\/noticias\/wp-json\/wp\/v2\/media?parent=24240"}],"wp:term":[{"taxonomy":"category","embeddable":true,"href":"https:\/\/blogdorogeriogomes.com.br\/noticias\/wp-json\/wp\/v2\/categories?post=24240"},{"taxonomy":"post_tag","embeddable":true,"href":"https:\/\/blogdorogeriogomes.com.br\/noticias\/wp-json\/wp\/v2\/tags?post=24240"}],"curies":[{"name":"wp","href":"https:\/\/api.w.org\/{rel}","templated":true}]}}