{"id":24249,"date":"2022-01-31T23:25:12","date_gmt":"2022-01-31T23:25:12","guid":{"rendered":"https:\/\/blogdorogeriogomes.com.br\/?p=24249"},"modified":"2022-02-01T09:31:28","modified_gmt":"2022-02-01T09:31:28","slug":"boletim-mostra-que-ceara-tem-ocupacao-de-77-de-leitos-de-uti-e-61-de-enfermaria-para-pacientes-com-covid-19","status":"publish","type":"post","link":"https:\/\/blogdorogeriogomes.com.br\/noticias\/2022\/01\/boletim-mostra-que-ceara-tem-ocupacao-de-77-de-leitos-de-uti-e-61-de-enfermaria-para-pacientes-com-covid-19\/","title":{"rendered":"Boletim mostra que Cear\u00e1 tem ocupa\u00e7\u00e3o de 77% de leitos de UTI e 61% de enfermaria para pacientes com Covid-19"},"content":{"rendered":"\n<p>Dados da plataforma IntegraSUS, da Secret\u00e1ria da Sa\u00fade do Estado (Sesa), desta segunda-feira, dia 31 de janeiro, mostram que o Cear\u00e1 registrou ocupa\u00e7\u00e3o de<strong>&nbsp;<\/strong>77% nas suas Unidades de Terapia Intensiva (UTIs) e de 61% para leitos de enfermaria voltadas para o&nbsp;tratamento de pacientes com a Covid-19.<\/p>\n\n\n\n<p>As UTIs&nbsp;neonatais registram&nbsp;<strong>75%<\/strong>&nbsp;de ocupa\u00e7\u00e3o, com&nbsp;cinco leitos ativos. J\u00e1 as UTIs para&nbsp;crian\u00e7as apresentam 55% para pacientes com o coronav\u00edrus.<\/p>\n\n\n\n<p>Na \u00faltima sexta-feira, dia 28 de janeiro, o governador Camilo Santana, e o secret\u00e1rio de Sa\u00fade do Cear\u00e1, Marcos Gadelha, relataram que a situa\u00e7\u00e3o da variante \u00d4micron no estado mostra uma tend\u00eancia de estabiliza\u00e7\u00e3o nos casos registrados nas unidades de sa\u00fade.<\/p>\n\n\n\n<figure class=\"wp-block-image size-large\"><img loading=\"lazy\" decoding=\"async\" width=\"640\" height=\"480\" src=\"https:\/\/blogdorogeriogomes.com.br\/wp-content\/uploads\/2022\/01\/images-37.jpeg\" alt=\"\" class=\"wp-image-24250\" srcset=\"https:\/\/blogdorogeriogomes.com.br\/noticias\/wp-content\/uploads\/2022\/01\/images-37.jpeg 640w, https:\/\/blogdorogeriogomes.com.br\/noticias\/wp-content\/uploads\/2022\/01\/images-37-300x225.jpeg 300w, https:\/\/blogdorogeriogomes.com.br\/noticias\/wp-content\/uploads\/2022\/01\/images-37-400x300.jpeg 400w\" sizes=\"auto, (max-width: 640px) 100vw, 640px\" \/><\/figure>\n","protected":false},"excerpt":{"rendered":"<p>Dados da plataforma IntegraSUS, da Secret\u00e1ria da Sa\u00fade do Estado (Sesa), desta segunda-feira, dia 31 de janeiro, mostram que o Cear\u00e1 registrou ocupa\u00e7\u00e3o de&nbsp;77% nas suas Unidades de Terapia Intensiva (UTIs) e de 61% para leitos de enfermaria voltadas para o&nbsp;tratamento de pacientes com a Covid-19. As UTIs&nbsp;neonatais registram&nbsp;75%&nbsp;de ocupa\u00e7\u00e3o, com&nbsp;cinco leitos ativos. J\u00e1 as UTIs para&nbsp;crian\u00e7as apresentam 55% para pacientes com o coronav\u00edrus. Na \u00faltima sexta-feira, dia 28 de janeiro, o governador Camilo Santana, e o secret\u00e1rio de&hellip;<\/p>\n","protected":false},"author":1,"featured_media":24250,"comment_status":"open","ping_status":"open","sticky":false,"template":"","format":"standard","meta":{"footnotes":""},"categories":[1],"tags":[],"class_list":["post-24249","post","type-post","status-publish","format-standard","has-post-thumbnail","hentry","category-noticias"],"_links":{"self":[{"href":"https:\/\/blogdorogeriogomes.com.br\/noticias\/wp-json\/wp\/v2\/posts\/24249","targetHints":{"allow":["GET"]}}],"collection":[{"href":"https:\/\/blogdorogeriogomes.com.br\/noticias\/wp-json\/wp\/v2\/posts"}],"about":[{"href":"https:\/\/blogdorogeriogomes.com.br\/noticias\/wp-json\/wp\/v2\/types\/post"}],"author":[{"embeddable":true,"href":"https:\/\/blogdorogeriogomes.com.br\/noticias\/wp-json\/wp\/v2\/users\/1"}],"replies":[{"embeddable":true,"href":"https:\/\/blogdorogeriogomes.com.br\/noticias\/wp-json\/wp\/v2\/comments?post=24249"}],"version-history":[{"count":2,"href":"https:\/\/blogdorogeriogomes.com.br\/noticias\/wp-json\/wp\/v2\/posts\/24249\/revisions"}],"predecessor-version":[{"id":24252,"href":"https:\/\/blogdorogeriogomes.com.br\/noticias\/wp-json\/wp\/v2\/posts\/24249\/revisions\/24252"}],"wp:featuredmedia":[{"embeddable":true,"href":"https:\/\/blogdorogeriogomes.com.br\/noticias\/wp-json\/wp\/v2\/media\/24250"}],"wp:attachment":[{"href":"https:\/\/blogdorogeriogomes.com.br\/noticias\/wp-json\/wp\/v2\/media?parent=24249"}],"wp:term":[{"taxonomy":"category","embeddable":true,"href":"https:\/\/blogdorogeriogomes.com.br\/noticias\/wp-json\/wp\/v2\/categories?post=24249"},{"taxonomy":"post_tag","embeddable":true,"href":"https:\/\/blogdorogeriogomes.com.br\/noticias\/wp-json\/wp\/v2\/tags?post=24249"}],"curies":[{"name":"wp","href":"https:\/\/api.w.org\/{rel}","templated":true}]}}