{"id":24253,"date":"2022-02-01T10:02:34","date_gmt":"2022-02-01T10:02:34","guid":{"rendered":"https:\/\/blogdorogeriogomes.com.br\/?p=24253"},"modified":"2022-02-02T09:28:56","modified_gmt":"2022-02-02T09:28:56","slug":"apos-recesso-vereadores-de-fortaleza-retomam-as-sessoes-nesta-terca-feira","status":"publish","type":"post","link":"https:\/\/blogdorogeriogomes.com.br\/noticias\/2022\/02\/apos-recesso-vereadores-de-fortaleza-retomam-as-sessoes-nesta-terca-feira\/","title":{"rendered":"Ap\u00f3s recesso, vereadores de Fortaleza retomam as sess\u00f5es nesta ter\u00e7a-feira"},"content":{"rendered":"\n<p>Os vereadores de Fortaleza retomam as atividades em plen\u00e1rio nesta ter\u00e7a-feira, dia 1\u00b0 de fevereiro, ap\u00f3s o per\u00edodo de recesso parlamentar. A expectativa para 2022 na C\u00e2mara Municipal gira em torno das elei\u00e7\u00f5es de outubro, j\u00e1 que alguns vereadores devem ser candidatos e buscar uma vaga na Assembleia Legislativa do Cear\u00e1.<\/p>\n\n\n\n<p>Entre outros temas, os parlamentares da Capital tamb\u00e9m devem debater a proposta da cobran\u00e7a da taxa de lixo, que vem da Prefeitura de Fortaleza, e a cria\u00e7\u00e3o do Plano Diretor do Munic\u00edpio. <\/p>\n\n\n\n<p>De acordo com o presidente da Casa, vereador Ant\u00f4nio Henrique, a primeira sess\u00e3o de 2022 ser\u00e1 no formato h\u00edbrido, com parte dos vereadores no formato presencial e outros de forma virtual.<\/p>\n\n\n\n<figure class=\"wp-block-image size-large\"><img loading=\"lazy\" decoding=\"async\" width=\"739\" height=\"415\" src=\"https:\/\/blogdorogeriogomes.com.br\/wp-content\/uploads\/2022\/02\/images-38.jpeg\" alt=\"\" class=\"wp-image-24254\" srcset=\"https:\/\/blogdorogeriogomes.com.br\/noticias\/wp-content\/uploads\/2022\/02\/images-38.jpeg 739w, https:\/\/blogdorogeriogomes.com.br\/noticias\/wp-content\/uploads\/2022\/02\/images-38-300x168.jpeg 300w\" sizes=\"auto, (max-width: 739px) 100vw, 739px\" \/><\/figure>\n","protected":false},"excerpt":{"rendered":"<p>Os vereadores de Fortaleza retomam as atividades em plen\u00e1rio nesta ter\u00e7a-feira, dia 1\u00b0 de fevereiro, ap\u00f3s o per\u00edodo de recesso parlamentar. A expectativa para 2022 na C\u00e2mara Municipal gira em torno das elei\u00e7\u00f5es de outubro, j\u00e1 que alguns vereadores devem ser candidatos e buscar uma vaga na Assembleia Legislativa do Cear\u00e1. Entre outros temas, os parlamentares da Capital tamb\u00e9m devem debater a proposta da cobran\u00e7a da taxa de lixo, que vem da Prefeitura de Fortaleza, e a cria\u00e7\u00e3o do&hellip;<\/p>\n","protected":false},"author":1,"featured_media":24254,"comment_status":"open","ping_status":"open","sticky":false,"template":"","format":"standard","meta":{"footnotes":""},"categories":[1],"tags":[],"class_list":["post-24253","post","type-post","status-publish","format-standard","has-post-thumbnail","hentry","category-noticias"],"_links":{"self":[{"href":"https:\/\/blogdorogeriogomes.com.br\/noticias\/wp-json\/wp\/v2\/posts\/24253","targetHints":{"allow":["GET"]}}],"collection":[{"href":"https:\/\/blogdorogeriogomes.com.br\/noticias\/wp-json\/wp\/v2\/posts"}],"about":[{"href":"https:\/\/blogdorogeriogomes.com.br\/noticias\/wp-json\/wp\/v2\/types\/post"}],"author":[{"embeddable":true,"href":"https:\/\/blogdorogeriogomes.com.br\/noticias\/wp-json\/wp\/v2\/users\/1"}],"replies":[{"embeddable":true,"href":"https:\/\/blogdorogeriogomes.com.br\/noticias\/wp-json\/wp\/v2\/comments?post=24253"}],"version-history":[{"count":1,"href":"https:\/\/blogdorogeriogomes.com.br\/noticias\/wp-json\/wp\/v2\/posts\/24253\/revisions"}],"predecessor-version":[{"id":24255,"href":"https:\/\/blogdorogeriogomes.com.br\/noticias\/wp-json\/wp\/v2\/posts\/24253\/revisions\/24255"}],"wp:featuredmedia":[{"embeddable":true,"href":"https:\/\/blogdorogeriogomes.com.br\/noticias\/wp-json\/wp\/v2\/media\/24254"}],"wp:attachment":[{"href":"https:\/\/blogdorogeriogomes.com.br\/noticias\/wp-json\/wp\/v2\/media?parent=24253"}],"wp:term":[{"taxonomy":"category","embeddable":true,"href":"https:\/\/blogdorogeriogomes.com.br\/noticias\/wp-json\/wp\/v2\/categories?post=24253"},{"taxonomy":"post_tag","embeddable":true,"href":"https:\/\/blogdorogeriogomes.com.br\/noticias\/wp-json\/wp\/v2\/tags?post=24253"}],"curies":[{"name":"wp","href":"https:\/\/api.w.org\/{rel}","templated":true}]}}