{"id":24259,"date":"2022-02-01T18:08:28","date_gmt":"2022-02-01T18:08:28","guid":{"rendered":"https:\/\/blogdorogeriogomes.com.br\/?p=24259"},"modified":"2022-02-02T09:28:33","modified_gmt":"2022-02-02T09:28:33","slug":"assembleia-legislativa-retorna-com-sessoes-nesta-quarta-feira-com-restricoes-sanitarias","status":"publish","type":"post","link":"https:\/\/blogdorogeriogomes.com.br\/noticias\/2022\/02\/assembleia-legislativa-retorna-com-sessoes-nesta-quarta-feira-com-restricoes-sanitarias\/","title":{"rendered":"Assembleia Legislativa retorna com sess\u00f5es nesta quarta-feira com restri\u00e7\u00f5es sanit\u00e1rias"},"content":{"rendered":"\n<p>Os deputados estaduais retomam suas atividades em plen\u00e1rio, nesta quarta-feira, dia 2 de fevereiro, seguindo algumas restri\u00e7\u00f5es sanit\u00e1rias por causa da incid\u00eancia da variante \u00d4micron do coronav\u00edrus. A Assembleia Legislativa do Cear\u00e1 vai restringir o acesso ao plen\u00e1rio apenas a deputados e autoridades. O presidente da Assembleia Legislativa, Evandro Leit\u00e3o, far\u00e1 um pronunciamento e o governador Camilo Santana entregar\u00e1 a mensagem anual ao Poder Legislativo. <\/p>\n\n\n\n<p>O retorno \u00e0s atividades legislativas seguir\u00e1 todos os protocolos de seguran\u00e7a sanit\u00e1ria. Ser\u00e1 solicitada a apresenta\u00e7\u00e3o do comprovante do esquema vacinal completo e uso obrigat\u00f3rio da m\u00e1scara. <br>Em reuni\u00e3o nesta ter\u00e7a-feira, dia 1\u00b0, a Mesa Diretora e o Col\u00e9gio de L\u00edderes determinaram que as sess\u00f5es plen\u00e1rias continuar\u00e3o de forma h\u00edbrida, \u00e0s quartas e quintas-feiras, com acesso controlado e respeitando protocolos da portaria elaborada pela Primeira Secretaria da Casa. Tamb\u00e9m est\u00e3o suspensas as solenidades e os eventos presenciais durante a primeira quinzena de fevereiro, al\u00e9m de controle do n\u00famero de pessoas com acesso aos gabinetes.<\/p>\n\n\n\n<figure class=\"wp-block-image size-large\"><img loading=\"lazy\" decoding=\"async\" width=\"1024\" height=\"682\" src=\"https:\/\/blogdorogeriogomes.com.br\/wp-content\/uploads\/2022\/02\/IMG-20220201-WA0074.jpg\" alt=\"\" class=\"wp-image-24260\" srcset=\"https:\/\/blogdorogeriogomes.com.br\/noticias\/wp-content\/uploads\/2022\/02\/IMG-20220201-WA0074.jpg 1024w, https:\/\/blogdorogeriogomes.com.br\/noticias\/wp-content\/uploads\/2022\/02\/IMG-20220201-WA0074-300x200.jpg 300w, https:\/\/blogdorogeriogomes.com.br\/noticias\/wp-content\/uploads\/2022\/02\/IMG-20220201-WA0074-768x512.jpg 768w, https:\/\/blogdorogeriogomes.com.br\/noticias\/wp-content\/uploads\/2022\/02\/IMG-20220201-WA0074-800x533.jpg 800w\" sizes=\"auto, (max-width: 1024px) 100vw, 1024px\" \/><\/figure>\n\n\n\n<p><\/p>\n","protected":false},"excerpt":{"rendered":"<p>Os deputados estaduais retomam suas atividades em plen\u00e1rio, nesta quarta-feira, dia 2 de fevereiro, seguindo algumas restri\u00e7\u00f5es sanit\u00e1rias por causa da incid\u00eancia da variante \u00d4micron do coronav\u00edrus. A Assembleia Legislativa do Cear\u00e1 vai restringir o acesso ao plen\u00e1rio apenas a deputados e autoridades. O presidente da Assembleia Legislativa, Evandro Leit\u00e3o, far\u00e1 um pronunciamento e o governador Camilo Santana entregar\u00e1 a mensagem anual ao Poder Legislativo. O retorno \u00e0s atividades legislativas seguir\u00e1 todos os protocolos de seguran\u00e7a sanit\u00e1ria. Ser\u00e1 solicitada&hellip;<\/p>\n","protected":false},"author":1,"featured_media":24260,"comment_status":"open","ping_status":"open","sticky":false,"template":"","format":"standard","meta":{"footnotes":""},"categories":[1],"tags":[],"class_list":["post-24259","post","type-post","status-publish","format-standard","has-post-thumbnail","hentry","category-noticias"],"_links":{"self":[{"href":"https:\/\/blogdorogeriogomes.com.br\/noticias\/wp-json\/wp\/v2\/posts\/24259","targetHints":{"allow":["GET"]}}],"collection":[{"href":"https:\/\/blogdorogeriogomes.com.br\/noticias\/wp-json\/wp\/v2\/posts"}],"about":[{"href":"https:\/\/blogdorogeriogomes.com.br\/noticias\/wp-json\/wp\/v2\/types\/post"}],"author":[{"embeddable":true,"href":"https:\/\/blogdorogeriogomes.com.br\/noticias\/wp-json\/wp\/v2\/users\/1"}],"replies":[{"embeddable":true,"href":"https:\/\/blogdorogeriogomes.com.br\/noticias\/wp-json\/wp\/v2\/comments?post=24259"}],"version-history":[{"count":1,"href":"https:\/\/blogdorogeriogomes.com.br\/noticias\/wp-json\/wp\/v2\/posts\/24259\/revisions"}],"predecessor-version":[{"id":24261,"href":"https:\/\/blogdorogeriogomes.com.br\/noticias\/wp-json\/wp\/v2\/posts\/24259\/revisions\/24261"}],"wp:featuredmedia":[{"embeddable":true,"href":"https:\/\/blogdorogeriogomes.com.br\/noticias\/wp-json\/wp\/v2\/media\/24260"}],"wp:attachment":[{"href":"https:\/\/blogdorogeriogomes.com.br\/noticias\/wp-json\/wp\/v2\/media?parent=24259"}],"wp:term":[{"taxonomy":"category","embeddable":true,"href":"https:\/\/blogdorogeriogomes.com.br\/noticias\/wp-json\/wp\/v2\/categories?post=24259"},{"taxonomy":"post_tag","embeddable":true,"href":"https:\/\/blogdorogeriogomes.com.br\/noticias\/wp-json\/wp\/v2\/tags?post=24259"}],"curies":[{"name":"wp","href":"https:\/\/api.w.org\/{rel}","templated":true}]}}