{"id":24262,"date":"2022-02-01T18:23:15","date_gmt":"2022-02-01T18:23:15","guid":{"rendered":"https:\/\/blogdorogeriogomes.com.br\/?p=24262"},"modified":"2022-02-02T09:28:22","modified_gmt":"2022-02-02T09:28:22","slug":"semana-de-prevencao-da-gravidez-na-adolescencia-na-maternidade-escola-alerta-para-a-importancia-da-informacao","status":"publish","type":"post","link":"https:\/\/blogdorogeriogomes.com.br\/noticias\/2022\/02\/semana-de-prevencao-da-gravidez-na-adolescencia-na-maternidade-escola-alerta-para-a-importancia-da-informacao\/","title":{"rendered":"Semana de Preven\u00e7\u00e3o da Gravidez na Adolesc\u00eancia na Maternidade Escola alerta para a import\u00e2ncia da informa\u00e7\u00e3o"},"content":{"rendered":"\n<p>A primeira semana de fevereiro foi institu\u00edda por Lei Federal em 2019 e est\u00e1 presente no Estatuto da Crian\u00e7a e do Adolescente (ECA), como a Semana de Preven\u00e7\u00e3o da Gravidez na Adolesc\u00eancia. O objetivo \u00e9 abordar \u201cmedidas preventivas e educativas que contribuam para a redu\u00e7\u00e3o da incid\u00eancia da gravidez na adolesc\u00eancia\u201d. Em homenagem a data, a Maternidade-Escola Assis Chateaubriand (MEAC), do Complexo Hospitalar da UFC\/Ebserh intensificar\u00e1 o atendimento a adolescentes gr\u00e1vidas e refor\u00e7ar\u00e1 a coloca\u00e7\u00e3o de m\u00e9todos anticoncepcionais de longa dura\u00e7\u00e3o, principalmente nas menores de 16 anos. Tamb\u00e9m ser\u00e1 realizada uma live p\u00fablica sobre o tema nesta sexta-feira, dia 4 de fevereiro, \u00e0s 15h, no perfil do Complexo no Instagram (@complexohospitalardaufc). <\/p>\n\n\n\n<p>Na Maternidade Escola Assis Chateaubriand, em 2021, ocorreram 778 partos em gr\u00e1vidas de 11 a 19 anos, sendo esta considerada a maternidade que mais faz partos em adolescentes no Cear\u00e1, e refer\u00eancia no atendimento desde 1987, quando criou o primeiro ambulat\u00f3rio do Adolescente no pa\u00eds.<\/p>\n\n\n\n<p>A Chefe da Divis\u00e3o M\u00e9dica da MEAC, Zenilda Bruno, tamb\u00e9m representante regional da Sociedade de Ginecologia e Obstetr\u00edcia da Inf\u00e2ncia e Adolesc\u00eancia (SOGIA), esclarece que a campanha tem a import\u00e2ncia de falar sobre esta gravidez que \u00e9, em geral, indesejada e precisa ser prevenida. Segundo ela, \u201c\u00e9 necess\u00e1rio perder o medo de falar sobre o tema porque j\u00e1 foi provado que falar n\u00e3o estimula o in\u00edcio da atividade sexual&#8221;.<\/p>\n\n\n\n<figure class=\"wp-block-image size-large\"><img loading=\"lazy\" decoding=\"async\" width=\"768\" height=\"507\" src=\"https:\/\/blogdorogeriogomes.com.br\/wp-content\/uploads\/2022\/02\/89c2f623-e9b8-486b-8517-0719fe0b50af.jpeg\" alt=\"\" class=\"wp-image-24263\" srcset=\"https:\/\/blogdorogeriogomes.com.br\/noticias\/wp-content\/uploads\/2022\/02\/89c2f623-e9b8-486b-8517-0719fe0b50af.jpeg 768w, https:\/\/blogdorogeriogomes.com.br\/noticias\/wp-content\/uploads\/2022\/02\/89c2f623-e9b8-486b-8517-0719fe0b50af-300x198.jpeg 300w\" sizes=\"auto, (max-width: 768px) 100vw, 768px\" \/><\/figure>\n","protected":false},"excerpt":{"rendered":"<p>A primeira semana de fevereiro foi institu\u00edda por Lei Federal em 2019 e est\u00e1 presente no Estatuto da Crian\u00e7a e do Adolescente (ECA), como a Semana de Preven\u00e7\u00e3o da Gravidez na Adolesc\u00eancia. O objetivo \u00e9 abordar \u201cmedidas preventivas e educativas que contribuam para a redu\u00e7\u00e3o da incid\u00eancia da gravidez na adolesc\u00eancia\u201d. Em homenagem a data, a Maternidade-Escola Assis Chateaubriand (MEAC), do Complexo Hospitalar da UFC\/Ebserh intensificar\u00e1 o atendimento a adolescentes gr\u00e1vidas e refor\u00e7ar\u00e1 a coloca\u00e7\u00e3o de m\u00e9todos anticoncepcionais de&hellip;<\/p>\n","protected":false},"author":1,"featured_media":24263,"comment_status":"open","ping_status":"open","sticky":false,"template":"","format":"standard","meta":{"footnotes":""},"categories":[1],"tags":[],"class_list":["post-24262","post","type-post","status-publish","format-standard","has-post-thumbnail","hentry","category-noticias"],"_links":{"self":[{"href":"https:\/\/blogdorogeriogomes.com.br\/noticias\/wp-json\/wp\/v2\/posts\/24262","targetHints":{"allow":["GET"]}}],"collection":[{"href":"https:\/\/blogdorogeriogomes.com.br\/noticias\/wp-json\/wp\/v2\/posts"}],"about":[{"href":"https:\/\/blogdorogeriogomes.com.br\/noticias\/wp-json\/wp\/v2\/types\/post"}],"author":[{"embeddable":true,"href":"https:\/\/blogdorogeriogomes.com.br\/noticias\/wp-json\/wp\/v2\/users\/1"}],"replies":[{"embeddable":true,"href":"https:\/\/blogdorogeriogomes.com.br\/noticias\/wp-json\/wp\/v2\/comments?post=24262"}],"version-history":[{"count":1,"href":"https:\/\/blogdorogeriogomes.com.br\/noticias\/wp-json\/wp\/v2\/posts\/24262\/revisions"}],"predecessor-version":[{"id":24264,"href":"https:\/\/blogdorogeriogomes.com.br\/noticias\/wp-json\/wp\/v2\/posts\/24262\/revisions\/24264"}],"wp:featuredmedia":[{"embeddable":true,"href":"https:\/\/blogdorogeriogomes.com.br\/noticias\/wp-json\/wp\/v2\/media\/24263"}],"wp:attachment":[{"href":"https:\/\/blogdorogeriogomes.com.br\/noticias\/wp-json\/wp\/v2\/media?parent=24262"}],"wp:term":[{"taxonomy":"category","embeddable":true,"href":"https:\/\/blogdorogeriogomes.com.br\/noticias\/wp-json\/wp\/v2\/categories?post=24262"},{"taxonomy":"post_tag","embeddable":true,"href":"https:\/\/blogdorogeriogomes.com.br\/noticias\/wp-json\/wp\/v2\/tags?post=24262"}],"curies":[{"name":"wp","href":"https:\/\/api.w.org\/{rel}","templated":true}]}}