{"id":24265,"date":"2022-02-01T22:59:34","date_gmt":"2022-02-01T22:59:34","guid":{"rendered":"https:\/\/blogdorogeriogomes.com.br\/?p=24265"},"modified":"2022-02-02T09:28:14","modified_gmt":"2022-02-02T09:28:14","slug":"ceara-vai-realizar-concurso-publico-para-663-novos-professores-na-uece-urca-e-uva","status":"publish","type":"post","link":"https:\/\/blogdorogeriogomes.com.br\/noticias\/2022\/02\/ceara-vai-realizar-concurso-publico-para-663-novos-professores-na-uece-urca-e-uva\/","title":{"rendered":"Cear\u00e1 vai realizar concurso p\u00fablico para 663 novos professores na Uece, Urca e UVA"},"content":{"rendered":"\n<p>O governador Camilo Santana anunciou detalhes do concurso p\u00fablico&nbsp;para as universidades Estadual do Cear\u00e1 (Uece), Regional do Cariri (Urca) e Estadual Vale&nbsp;do&nbsp;Acara\u00fa (UVA), com um total de 663 novas vagas para professores efetivos. S\u00e3o 365 vagas para a Uece, 184 para a Urca, e 114 para a UVA.<\/p>\n\n\n\n<p>Tamb\u00e9m nesta ter\u00e7a-feira, dia 1\u00b0 de fevereiro, durante a abertura dos trabalhos na C\u00e2mara Municipal de Fortaleza, o prefeito Jos\u00e9 Sarto anunciou benef\u00edcios para os professores municipais. Ele enviou mensagem \u00e0 C\u00e2mara Municipal autorizando reajuste do piso salarial dos professores, ao todo, em 33.24%, conforme o reajuste do piso definido pelo Governo Federal. Sarto n\u00e3o descarta realizar ainda este ano um novo concurso para professor da rede municipal. A abertura de novas vagas \u00e9 reivindica\u00e7\u00e3o da categoria.<\/p>\n\n\n\n<figure class=\"wp-block-image size-large\"><img loading=\"lazy\" decoding=\"async\" width=\"984\" height=\"554\" src=\"https:\/\/blogdorogeriogomes.com.br\/wp-content\/uploads\/2022\/02\/uece-1-.jpg\" alt=\"\" class=\"wp-image-24266\" srcset=\"https:\/\/blogdorogeriogomes.com.br\/noticias\/wp-content\/uploads\/2022\/02\/uece-1-.jpg 984w, https:\/\/blogdorogeriogomes.com.br\/noticias\/wp-content\/uploads\/2022\/02\/uece-1--300x169.jpg 300w, https:\/\/blogdorogeriogomes.com.br\/noticias\/wp-content\/uploads\/2022\/02\/uece-1--768x432.jpg 768w, https:\/\/blogdorogeriogomes.com.br\/noticias\/wp-content\/uploads\/2022\/02\/uece-1--800x450.jpg 800w\" sizes=\"auto, (max-width: 984px) 100vw, 984px\" \/><\/figure>\n","protected":false},"excerpt":{"rendered":"<p>O governador Camilo Santana anunciou detalhes do concurso p\u00fablico&nbsp;para as universidades Estadual do Cear\u00e1 (Uece), Regional do Cariri (Urca) e Estadual Vale&nbsp;do&nbsp;Acara\u00fa (UVA), com um total de 663 novas vagas para professores efetivos. S\u00e3o 365 vagas para a Uece, 184 para a Urca, e 114 para a UVA. Tamb\u00e9m nesta ter\u00e7a-feira, dia 1\u00b0 de fevereiro, durante a abertura dos trabalhos na C\u00e2mara Municipal de Fortaleza, o prefeito Jos\u00e9 Sarto anunciou benef\u00edcios para os professores municipais. Ele enviou mensagem \u00e0&hellip;<\/p>\n","protected":false},"author":1,"featured_media":24266,"comment_status":"open","ping_status":"open","sticky":false,"template":"","format":"standard","meta":{"footnotes":""},"categories":[1],"tags":[],"class_list":["post-24265","post","type-post","status-publish","format-standard","has-post-thumbnail","hentry","category-noticias"],"_links":{"self":[{"href":"https:\/\/blogdorogeriogomes.com.br\/noticias\/wp-json\/wp\/v2\/posts\/24265","targetHints":{"allow":["GET"]}}],"collection":[{"href":"https:\/\/blogdorogeriogomes.com.br\/noticias\/wp-json\/wp\/v2\/posts"}],"about":[{"href":"https:\/\/blogdorogeriogomes.com.br\/noticias\/wp-json\/wp\/v2\/types\/post"}],"author":[{"embeddable":true,"href":"https:\/\/blogdorogeriogomes.com.br\/noticias\/wp-json\/wp\/v2\/users\/1"}],"replies":[{"embeddable":true,"href":"https:\/\/blogdorogeriogomes.com.br\/noticias\/wp-json\/wp\/v2\/comments?post=24265"}],"version-history":[{"count":2,"href":"https:\/\/blogdorogeriogomes.com.br\/noticias\/wp-json\/wp\/v2\/posts\/24265\/revisions"}],"predecessor-version":[{"id":24268,"href":"https:\/\/blogdorogeriogomes.com.br\/noticias\/wp-json\/wp\/v2\/posts\/24265\/revisions\/24268"}],"wp:featuredmedia":[{"embeddable":true,"href":"https:\/\/blogdorogeriogomes.com.br\/noticias\/wp-json\/wp\/v2\/media\/24266"}],"wp:attachment":[{"href":"https:\/\/blogdorogeriogomes.com.br\/noticias\/wp-json\/wp\/v2\/media?parent=24265"}],"wp:term":[{"taxonomy":"category","embeddable":true,"href":"https:\/\/blogdorogeriogomes.com.br\/noticias\/wp-json\/wp\/v2\/categories?post=24265"},{"taxonomy":"post_tag","embeddable":true,"href":"https:\/\/blogdorogeriogomes.com.br\/noticias\/wp-json\/wp\/v2\/tags?post=24265"}],"curies":[{"name":"wp","href":"https:\/\/api.w.org\/{rel}","templated":true}]}}