{"id":24270,"date":"2022-02-02T10:11:46","date_gmt":"2022-02-02T10:11:46","guid":{"rendered":"https:\/\/blogdorogeriogomes.com.br\/?p=24270"},"modified":"2022-02-03T09:29:53","modified_gmt":"2022-02-03T09:29:53","slug":"decisao-sobre-regras-para-o-periodo-do-carnaval-deve-ser-divulgada-no-decreto-estadual-nesta-sexta-feira","status":"publish","type":"post","link":"https:\/\/blogdorogeriogomes.com.br\/noticias\/2022\/02\/decisao-sobre-regras-para-o-periodo-do-carnaval-deve-ser-divulgada-no-decreto-estadual-nesta-sexta-feira\/","title":{"rendered":"Decis\u00e3o sobre regras para o per\u00edodo do Carnaval deve ser divulgada no Decreto Estadual nesta sexta-feira"},"content":{"rendered":"\n<p>O Comit\u00ea Estadual de Enfrentamento \u00e0 Covid-19 no Cear\u00e1 se re\u00fane mais uma vez nesta sexta-feira, dia 4 de fevereiro, quando deve voltar a analisar os n\u00fameros de casos da variante \u00d4micron e os atendimentos \u00e0s s\u00edndromes gripais nas unidades de sa\u00fade do Estado. Como o per\u00edodo de Carnaval acontece de 26 de fevereiro a 1\u00b0 de mar\u00e7o, o Decreto Estadual a ser divulgado deve definir as regras sanit\u00e1rias a serem seguidas no per\u00edodo. Tamb\u00e9m haver\u00e1 defini\u00e7\u00e3o se haver\u00e1 ponto facultativo no per\u00edodo ou se o com\u00e9rcio funcionar\u00e1 normalmente.<\/p>\n\n\n\n<p>Por enquanto, as festas carnavalescas nas ruas est\u00e3o proibidas, devido ao aumento dos casos de Covid-19. S\u00f3 est\u00e3o permitidos eventos com capacidade de 250 pessoas em ambientes fechados e 500 em ambientes abertos. O atual decreto tem validade at\u00e9 s\u00e1bado, dia 5 de fevereiro.<\/p>\n\n\n\n<p>Apesar da tend\u00eancia de estabiliza\u00e7\u00e3o dos casos da variante \u00d4micron, as autoridades de sa\u00fade v\u00e3o avaliar os riscos relacionados \u00e0s aglomera\u00e7\u00f5es que o per\u00edodo carnavalesco poder\u00e3o proporcionar.<\/p>\n\n\n\n<figure class=\"wp-block-image size-large\"><img loading=\"lazy\" decoding=\"async\" width=\"679\" height=\"452\" src=\"https:\/\/blogdorogeriogomes.com.br\/wp-content\/uploads\/2022\/02\/images-40.jpeg\" alt=\"\" class=\"wp-image-24271\" srcset=\"https:\/\/blogdorogeriogomes.com.br\/noticias\/wp-content\/uploads\/2022\/02\/images-40.jpeg 679w, https:\/\/blogdorogeriogomes.com.br\/noticias\/wp-content\/uploads\/2022\/02\/images-40-300x200.jpeg 300w\" sizes=\"auto, (max-width: 679px) 100vw, 679px\" \/><\/figure>\n","protected":false},"excerpt":{"rendered":"<p>O Comit\u00ea Estadual de Enfrentamento \u00e0 Covid-19 no Cear\u00e1 se re\u00fane mais uma vez nesta sexta-feira, dia 4 de fevereiro, quando deve voltar a analisar os n\u00fameros de casos da variante \u00d4micron e os atendimentos \u00e0s s\u00edndromes gripais nas unidades de sa\u00fade do Estado. Como o per\u00edodo de Carnaval acontece de 26 de fevereiro a 1\u00b0 de mar\u00e7o, o Decreto Estadual a ser divulgado deve definir as regras sanit\u00e1rias a serem seguidas no per\u00edodo. Tamb\u00e9m haver\u00e1 defini\u00e7\u00e3o se haver\u00e1&hellip;<\/p>\n","protected":false},"author":1,"featured_media":24271,"comment_status":"open","ping_status":"open","sticky":false,"template":"","format":"standard","meta":{"footnotes":""},"categories":[1],"tags":[],"class_list":["post-24270","post","type-post","status-publish","format-standard","has-post-thumbnail","hentry","category-noticias"],"_links":{"self":[{"href":"https:\/\/blogdorogeriogomes.com.br\/noticias\/wp-json\/wp\/v2\/posts\/24270","targetHints":{"allow":["GET"]}}],"collection":[{"href":"https:\/\/blogdorogeriogomes.com.br\/noticias\/wp-json\/wp\/v2\/posts"}],"about":[{"href":"https:\/\/blogdorogeriogomes.com.br\/noticias\/wp-json\/wp\/v2\/types\/post"}],"author":[{"embeddable":true,"href":"https:\/\/blogdorogeriogomes.com.br\/noticias\/wp-json\/wp\/v2\/users\/1"}],"replies":[{"embeddable":true,"href":"https:\/\/blogdorogeriogomes.com.br\/noticias\/wp-json\/wp\/v2\/comments?post=24270"}],"version-history":[{"count":2,"href":"https:\/\/blogdorogeriogomes.com.br\/noticias\/wp-json\/wp\/v2\/posts\/24270\/revisions"}],"predecessor-version":[{"id":24276,"href":"https:\/\/blogdorogeriogomes.com.br\/noticias\/wp-json\/wp\/v2\/posts\/24270\/revisions\/24276"}],"wp:featuredmedia":[{"embeddable":true,"href":"https:\/\/blogdorogeriogomes.com.br\/noticias\/wp-json\/wp\/v2\/media\/24271"}],"wp:attachment":[{"href":"https:\/\/blogdorogeriogomes.com.br\/noticias\/wp-json\/wp\/v2\/media?parent=24270"}],"wp:term":[{"taxonomy":"category","embeddable":true,"href":"https:\/\/blogdorogeriogomes.com.br\/noticias\/wp-json\/wp\/v2\/categories?post=24270"},{"taxonomy":"post_tag","embeddable":true,"href":"https:\/\/blogdorogeriogomes.com.br\/noticias\/wp-json\/wp\/v2\/tags?post=24270"}],"curies":[{"name":"wp","href":"https:\/\/api.w.org\/{rel}","templated":true}]}}