{"id":24273,"date":"2022-02-02T10:31:28","date_gmt":"2022-02-02T10:31:28","guid":{"rendered":"https:\/\/blogdorogeriogomes.com.br\/?p=24273"},"modified":"2022-02-03T09:30:07","modified_gmt":"2022-02-03T09:30:07","slug":"novo-lote-com-quase-585-mil-doses-de-vacinas-contra-a-covid-chega-ao-ceara-ate-esta-quinta-feira","status":"publish","type":"post","link":"https:\/\/blogdorogeriogomes.com.br\/noticias\/2022\/02\/novo-lote-com-quase-585-mil-doses-de-vacinas-contra-a-covid-chega-ao-ceara-ate-esta-quinta-feira\/","title":{"rendered":"Novo lote com quase 585 mil doses de vacinas contra a Covid chega ao Cear\u00e1 at\u00e9 esta quinta-feira"},"content":{"rendered":"\n<p>O Cear\u00e1 vai receber entre esta quarta-feira, dia 2 de fevereiro, e amanh\u00e3, dia 3, mais 584.780 doses de vacinas contra a Covid-19. Na manh\u00e3 desta quarta-feira est\u00e1 prevista a chegada de 81.100 doses da Pfizer pedi\u00e1trica para a vacina\u00e7\u00e3o das crian\u00e7as entre 5 e 11 anos. \u00c0 tarde, chegam 241.680 doses da CoronaVac, que ser\u00e3o utilizadas para a vacina\u00e7\u00e3o das crian\u00e7as a partir de 6 anos, conforme autoriza\u00e7\u00e3o da Ag\u00eancia Nacional de Vigil\u00e2ncia Sanit\u00e1ria (Anvisa). A informa\u00e7\u00e3o foi confirmada pelo governador Camilo Santana.<\/p>\n\n\n\n<p>&#8220;Al\u00e9m disso, receberemos hoje 126.750 doses de AstraZeneca, para aplica\u00e7\u00e3o da dose de refor\u00e7o da popula\u00e7\u00e3o adulta. J\u00e1 na manh\u00e3 de quinta-feira est\u00e1 prevista a chegada de 135.250 doses de Janssen, que tamb\u00e9m ser\u00e3o utilizadas como refor\u00e7o dos cearenses com idade adulta. Seguimos trabalhando firmes para vacinar toda nossa popula\u00e7\u00e3o o mais r\u00e1pido poss\u00edvel&#8221;, confirmou o governador.<\/p>\n\n\n\n<figure class=\"wp-block-image size-large\"><img loading=\"lazy\" decoding=\"async\" width=\"800\" height=\"533\" src=\"https:\/\/blogdorogeriogomes.com.br\/wp-content\/uploads\/2022\/02\/IMG-20220118-WA0060.jpg\" alt=\"\" class=\"wp-image-24274\" srcset=\"https:\/\/blogdorogeriogomes.com.br\/noticias\/wp-content\/uploads\/2022\/02\/IMG-20220118-WA0060.jpg 800w, https:\/\/blogdorogeriogomes.com.br\/noticias\/wp-content\/uploads\/2022\/02\/IMG-20220118-WA0060-300x200.jpg 300w, https:\/\/blogdorogeriogomes.com.br\/noticias\/wp-content\/uploads\/2022\/02\/IMG-20220118-WA0060-768x512.jpg 768w\" sizes=\"auto, (max-width: 800px) 100vw, 800px\" \/><\/figure>\n","protected":false},"excerpt":{"rendered":"<p>O Cear\u00e1 vai receber entre esta quarta-feira, dia 2 de fevereiro, e amanh\u00e3, dia 3, mais 584.780 doses de vacinas contra a Covid-19. Na manh\u00e3 desta quarta-feira est\u00e1 prevista a chegada de 81.100 doses da Pfizer pedi\u00e1trica para a vacina\u00e7\u00e3o das crian\u00e7as entre 5 e 11 anos. \u00c0 tarde, chegam 241.680 doses da CoronaVac, que ser\u00e3o utilizadas para a vacina\u00e7\u00e3o das crian\u00e7as a partir de 6 anos, conforme autoriza\u00e7\u00e3o da Ag\u00eancia Nacional de Vigil\u00e2ncia Sanit\u00e1ria (Anvisa). A informa\u00e7\u00e3o foi&hellip;<\/p>\n","protected":false},"author":1,"featured_media":24274,"comment_status":"open","ping_status":"open","sticky":false,"template":"","format":"standard","meta":{"footnotes":""},"categories":[1],"tags":[],"class_list":["post-24273","post","type-post","status-publish","format-standard","has-post-thumbnail","hentry","category-noticias"],"_links":{"self":[{"href":"https:\/\/blogdorogeriogomes.com.br\/noticias\/wp-json\/wp\/v2\/posts\/24273","targetHints":{"allow":["GET"]}}],"collection":[{"href":"https:\/\/blogdorogeriogomes.com.br\/noticias\/wp-json\/wp\/v2\/posts"}],"about":[{"href":"https:\/\/blogdorogeriogomes.com.br\/noticias\/wp-json\/wp\/v2\/types\/post"}],"author":[{"embeddable":true,"href":"https:\/\/blogdorogeriogomes.com.br\/noticias\/wp-json\/wp\/v2\/users\/1"}],"replies":[{"embeddable":true,"href":"https:\/\/blogdorogeriogomes.com.br\/noticias\/wp-json\/wp\/v2\/comments?post=24273"}],"version-history":[{"count":1,"href":"https:\/\/blogdorogeriogomes.com.br\/noticias\/wp-json\/wp\/v2\/posts\/24273\/revisions"}],"predecessor-version":[{"id":24275,"href":"https:\/\/blogdorogeriogomes.com.br\/noticias\/wp-json\/wp\/v2\/posts\/24273\/revisions\/24275"}],"wp:featuredmedia":[{"embeddable":true,"href":"https:\/\/blogdorogeriogomes.com.br\/noticias\/wp-json\/wp\/v2\/media\/24274"}],"wp:attachment":[{"href":"https:\/\/blogdorogeriogomes.com.br\/noticias\/wp-json\/wp\/v2\/media?parent=24273"}],"wp:term":[{"taxonomy":"category","embeddable":true,"href":"https:\/\/blogdorogeriogomes.com.br\/noticias\/wp-json\/wp\/v2\/categories?post=24273"},{"taxonomy":"post_tag","embeddable":true,"href":"https:\/\/blogdorogeriogomes.com.br\/noticias\/wp-json\/wp\/v2\/tags?post=24273"}],"curies":[{"name":"wp","href":"https:\/\/api.w.org\/{rel}","templated":true}]}}