{"id":24277,"date":"2022-02-02T20:55:26","date_gmt":"2022-02-02T20:55:26","guid":{"rendered":"https:\/\/blogdorogeriogomes.com.br\/?p=24277"},"modified":"2022-02-03T09:30:14","modified_gmt":"2022-02-03T09:30:14","slug":"camilo-santana-faz-balanco-de-acoes-na-assembleia-e-desconversa-sobre-deixar-o-governo-em-abril","status":"publish","type":"post","link":"https:\/\/blogdorogeriogomes.com.br\/noticias\/2022\/02\/camilo-santana-faz-balanco-de-acoes-na-assembleia-e-desconversa-sobre-deixar-o-governo-em-abril\/","title":{"rendered":"Camilo Santana faz balan\u00e7o de a\u00e7\u00f5es na Assembleia e desconversa sobre deixar o Governo em abril"},"content":{"rendered":"\n<p>Em sess\u00e3o na Assembleia Legislativa bastante prestigiada por secret\u00e1rios estaduais, deputados estaduais e a vice-governadora Izolda Cela, nesta quarta-feira, dia 2 de fevereiro, o governador Camilo Santana fez um balan\u00e7o das a\u00e7\u00f5es realizadas pelo Estado no ano passado, com destaque para o enfrentamento da segunda onda da Covid-19 e a retomada da economia. O discurso foi longo e englobou tamb\u00e9m a\u00e7\u00f5es dos sete anos de mandato \u00e0 frente do Governo do Cear\u00e1.<\/p>\n\n\n\n<p>Na entrevista coletiva, ap\u00f3s a sess\u00e3o que marcou o retorno das atividades da Assembleia Legislativa, o governador Camilo Santana desconversou quando o assunto foi a sua candidatura ao Senado em 2022. Se quiser concorrer nas elei\u00e7\u00f5es de outubro, o petista ter\u00e1 de renunciar ao Governo do Estado em abril com a vice Izolda Cela (PDT) assumindo o cargo. Segundo ele, tudo ser\u00e1 anunciado ao seu tempo.<\/p>\n\n\n\n<p>No mesmo momento em que define a candidatura ao Senado, Camilo tenta manter a alian\u00e7a entre PT e PDT para concorrer ao Governo Estadual em 2022. Al\u00e9m da pr\u00f3pria vice Izolda Cela, concorrem \u00e0 indica\u00e7\u00e3o dentro do PDT o ex-prefeito de Fortaleza, Roberto Cl\u00e1udio; o atual presidente da Assembleia Legislativa, Evandro Leit\u00e3o, e o deputado federal Mauro Filho. As conversas envolvem, \u00e9 claro, o posicionamento dos irm\u00e3os Ciro e Cid Gomes, aliados de primeira linha de Camilo Santana.<\/p>\n\n\n\n<figure class=\"wp-block-image size-large\"><img loading=\"lazy\" decoding=\"async\" width=\"1024\" height=\"684\" src=\"https:\/\/blogdorogeriogomes.com.br\/wp-content\/uploads\/2022\/02\/220202_MENSAGEM-AL_CGM5180-1200x802-1-1024x684.jpg\" alt=\"\" class=\"wp-image-24278\" srcset=\"https:\/\/blogdorogeriogomes.com.br\/noticias\/wp-content\/uploads\/2022\/02\/220202_MENSAGEM-AL_CGM5180-1200x802-1-1024x684.jpg 1024w, https:\/\/blogdorogeriogomes.com.br\/noticias\/wp-content\/uploads\/2022\/02\/220202_MENSAGEM-AL_CGM5180-1200x802-1-300x201.jpg 300w, https:\/\/blogdorogeriogomes.com.br\/noticias\/wp-content\/uploads\/2022\/02\/220202_MENSAGEM-AL_CGM5180-1200x802-1-768x513.jpg 768w, https:\/\/blogdorogeriogomes.com.br\/noticias\/wp-content\/uploads\/2022\/02\/220202_MENSAGEM-AL_CGM5180-1200x802-1-800x535.jpg 800w, https:\/\/blogdorogeriogomes.com.br\/noticias\/wp-content\/uploads\/2022\/02\/220202_MENSAGEM-AL_CGM5180-1200x802-1.jpg 1200w\" sizes=\"auto, (max-width: 1024px) 100vw, 1024px\" \/><\/figure>\n\n\n\n<p><\/p>\n","protected":false},"excerpt":{"rendered":"<p>Em sess\u00e3o na Assembleia Legislativa bastante prestigiada por secret\u00e1rios estaduais, deputados estaduais e a vice-governadora Izolda Cela, nesta quarta-feira, dia 2 de fevereiro, o governador Camilo Santana fez um balan\u00e7o das a\u00e7\u00f5es realizadas pelo Estado no ano passado, com destaque para o enfrentamento da segunda onda da Covid-19 e a retomada da economia. O discurso foi longo e englobou tamb\u00e9m a\u00e7\u00f5es dos sete anos de mandato \u00e0 frente do Governo do Cear\u00e1. Na entrevista coletiva, ap\u00f3s a sess\u00e3o que&hellip;<\/p>\n","protected":false},"author":1,"featured_media":24278,"comment_status":"open","ping_status":"open","sticky":false,"template":"","format":"standard","meta":{"footnotes":""},"categories":[1],"tags":[],"class_list":["post-24277","post","type-post","status-publish","format-standard","has-post-thumbnail","hentry","category-noticias"],"_links":{"self":[{"href":"https:\/\/blogdorogeriogomes.com.br\/noticias\/wp-json\/wp\/v2\/posts\/24277","targetHints":{"allow":["GET"]}}],"collection":[{"href":"https:\/\/blogdorogeriogomes.com.br\/noticias\/wp-json\/wp\/v2\/posts"}],"about":[{"href":"https:\/\/blogdorogeriogomes.com.br\/noticias\/wp-json\/wp\/v2\/types\/post"}],"author":[{"embeddable":true,"href":"https:\/\/blogdorogeriogomes.com.br\/noticias\/wp-json\/wp\/v2\/users\/1"}],"replies":[{"embeddable":true,"href":"https:\/\/blogdorogeriogomes.com.br\/noticias\/wp-json\/wp\/v2\/comments?post=24277"}],"version-history":[{"count":1,"href":"https:\/\/blogdorogeriogomes.com.br\/noticias\/wp-json\/wp\/v2\/posts\/24277\/revisions"}],"predecessor-version":[{"id":24279,"href":"https:\/\/blogdorogeriogomes.com.br\/noticias\/wp-json\/wp\/v2\/posts\/24277\/revisions\/24279"}],"wp:featuredmedia":[{"embeddable":true,"href":"https:\/\/blogdorogeriogomes.com.br\/noticias\/wp-json\/wp\/v2\/media\/24278"}],"wp:attachment":[{"href":"https:\/\/blogdorogeriogomes.com.br\/noticias\/wp-json\/wp\/v2\/media?parent=24277"}],"wp:term":[{"taxonomy":"category","embeddable":true,"href":"https:\/\/blogdorogeriogomes.com.br\/noticias\/wp-json\/wp\/v2\/categories?post=24277"},{"taxonomy":"post_tag","embeddable":true,"href":"https:\/\/blogdorogeriogomes.com.br\/noticias\/wp-json\/wp\/v2\/tags?post=24277"}],"curies":[{"name":"wp","href":"https:\/\/api.w.org\/{rel}","templated":true}]}}