{"id":24280,"date":"2022-02-02T23:14:25","date_gmt":"2022-02-02T23:14:25","guid":{"rendered":"https:\/\/blogdorogeriogomes.com.br\/?p=24280"},"modified":"2022-02-03T09:30:23","modified_gmt":"2022-02-03T09:30:23","slug":"congresso-retoma-as-atividades-relacao-com-bolsonaro-sera-colocada-a-prova-com-inicio-da-campanha-presidencial","status":"publish","type":"post","link":"https:\/\/blogdorogeriogomes.com.br\/noticias\/2022\/02\/congresso-retoma-as-atividades-relacao-com-bolsonaro-sera-colocada-a-prova-com-inicio-da-campanha-presidencial\/","title":{"rendered":"Congresso retoma as atividades. Rela\u00e7\u00e3o com Bolsonaro ser\u00e1 colocada \u00e0 prova com in\u00edcio da campanha presidencial"},"content":{"rendered":"\n<p>O presidente Jair Bolsonaro compareceu \u00e0 reabertura das atividades no Congresso Nacional, em Bras\u00edlia, nesta quarta-feira, dia 2 de fevereiro. N\u00e3o perdeu a oportunidade de, no discurso, atacar o STF e o ex-presidente Lula (PT), seu advers\u00e1rio na corrida presidencial e que lidera as pesquisas eleitorais at\u00e9 aqui (na PoderData divulgada hoje apareceu com 41% contra 30% de Bolsonaro. A Paran\u00e1 Pesquisas apontou tamb\u00e9m hoje Lula com 40,1% contra 29,1% de Bolsonaro).<\/p>\n\n\n\n<p>Mas no retorno dos trabalhos legislativos, o que tamb\u00e9m est\u00e1 em jogo \u00e9 a rela\u00e7\u00e3o de Bolsonaro com os presidentes do Senado, Rodrigo Pacheco, que \u00e9 pr\u00e9-candidato \u00e0 Presid\u00eancia da Rep\u00fablica pelo PSD, e Arthur Lira, hoje aliado de Bolsonaro e um dos comandantes do Centr\u00e3o.<\/p>\n\n\n\n<p>Rodrigo Pacheco mandou recado direto a Bolsonaro. Diz que vai defender a democracia e que derrotados precisam respeitar o resultado da disputa eleitoral em outubro. Bolsonaro tem h\u00e1bito de questionar a lisura das elei\u00e7\u00f5es e levantar, sem provas, d\u00favidas sobre a confiabilidade do sistema de urnas eletr\u00f4nicas.<\/p>\n\n\n\n<p>J\u00e1 o presidente da C\u00e2mara, Arthur Lira, continua a mostrar fidelidade a Bolsonaro nesse in\u00edcio de ano. Afinal, o Pal\u00e1cio do Planalto tem atendido aos pedidos de libera\u00e7\u00e3o de verbas e de indica\u00e7\u00e3o de cargos aos deputados ligados a Lira. Resta saber se ao longo da campanha, o Centr\u00e3o vai manter apoio irrestrito a Bolsonaro se ele n\u00e3o melhorar os \u00edndices de rejei\u00e7\u00e3o nas pesquisas.<\/p>\n\n\n\n<p>Arthur Lira \u00e9 candidato \u00e0 reelei\u00e7\u00e3o por Alagoas e, no Nordeste, os \u00edndices de inten\u00e7\u00e3o de voto s\u00e3o bem favor\u00e1veis a Lula. N\u00e3o \u00e9 \u00e0 toa que muitos parlamentares da regi\u00e3o, de partidos ligados ao Centr\u00e3o, s\u00e3o favor\u00e1veis em apoiar o petista na disputa presidencial.<br><\/p>\n\n\n\n<figure class=\"wp-block-image size-large\"><img loading=\"lazy\" decoding=\"async\" width=\"1024\" height=\"683\" src=\"https:\/\/blogdorogeriogomes.com.br\/wp-content\/uploads\/2022\/02\/164383206561fae3016ff65_1643832065_3x2_lg.jpg\" alt=\"\" class=\"wp-image-24281\" srcset=\"https:\/\/blogdorogeriogomes.com.br\/noticias\/wp-content\/uploads\/2022\/02\/164383206561fae3016ff65_1643832065_3x2_lg.jpg 1024w, https:\/\/blogdorogeriogomes.com.br\/noticias\/wp-content\/uploads\/2022\/02\/164383206561fae3016ff65_1643832065_3x2_lg-300x200.jpg 300w, https:\/\/blogdorogeriogomes.com.br\/noticias\/wp-content\/uploads\/2022\/02\/164383206561fae3016ff65_1643832065_3x2_lg-768x512.jpg 768w, https:\/\/blogdorogeriogomes.com.br\/noticias\/wp-content\/uploads\/2022\/02\/164383206561fae3016ff65_1643832065_3x2_lg-800x534.jpg 800w\" sizes=\"auto, (max-width: 1024px) 100vw, 1024px\" \/><\/figure>\n\n\n\n<p><br><\/p>\n","protected":false},"excerpt":{"rendered":"<p>O presidente Jair Bolsonaro compareceu \u00e0 reabertura das atividades no Congresso Nacional, em Bras\u00edlia, nesta quarta-feira, dia 2 de fevereiro. N\u00e3o perdeu a oportunidade de, no discurso, atacar o STF e o ex-presidente Lula (PT), seu advers\u00e1rio na corrida presidencial e que lidera as pesquisas eleitorais at\u00e9 aqui (na PoderData divulgada hoje apareceu com 41% contra 30% de Bolsonaro. A Paran\u00e1 Pesquisas apontou tamb\u00e9m hoje Lula com 40,1% contra 29,1% de Bolsonaro). Mas no retorno dos trabalhos legislativos, o&hellip;<\/p>\n","protected":false},"author":1,"featured_media":24281,"comment_status":"open","ping_status":"open","sticky":false,"template":"","format":"standard","meta":{"footnotes":""},"categories":[1],"tags":[],"class_list":["post-24280","post","type-post","status-publish","format-standard","has-post-thumbnail","hentry","category-noticias"],"_links":{"self":[{"href":"https:\/\/blogdorogeriogomes.com.br\/noticias\/wp-json\/wp\/v2\/posts\/24280","targetHints":{"allow":["GET"]}}],"collection":[{"href":"https:\/\/blogdorogeriogomes.com.br\/noticias\/wp-json\/wp\/v2\/posts"}],"about":[{"href":"https:\/\/blogdorogeriogomes.com.br\/noticias\/wp-json\/wp\/v2\/types\/post"}],"author":[{"embeddable":true,"href":"https:\/\/blogdorogeriogomes.com.br\/noticias\/wp-json\/wp\/v2\/users\/1"}],"replies":[{"embeddable":true,"href":"https:\/\/blogdorogeriogomes.com.br\/noticias\/wp-json\/wp\/v2\/comments?post=24280"}],"version-history":[{"count":1,"href":"https:\/\/blogdorogeriogomes.com.br\/noticias\/wp-json\/wp\/v2\/posts\/24280\/revisions"}],"predecessor-version":[{"id":24282,"href":"https:\/\/blogdorogeriogomes.com.br\/noticias\/wp-json\/wp\/v2\/posts\/24280\/revisions\/24282"}],"wp:featuredmedia":[{"embeddable":true,"href":"https:\/\/blogdorogeriogomes.com.br\/noticias\/wp-json\/wp\/v2\/media\/24281"}],"wp:attachment":[{"href":"https:\/\/blogdorogeriogomes.com.br\/noticias\/wp-json\/wp\/v2\/media?parent=24280"}],"wp:term":[{"taxonomy":"category","embeddable":true,"href":"https:\/\/blogdorogeriogomes.com.br\/noticias\/wp-json\/wp\/v2\/categories?post=24280"},{"taxonomy":"post_tag","embeddable":true,"href":"https:\/\/blogdorogeriogomes.com.br\/noticias\/wp-json\/wp\/v2\/tags?post=24280"}],"curies":[{"name":"wp","href":"https:\/\/api.w.org\/{rel}","templated":true}]}}