{"id":24283,"date":"2022-02-03T11:08:10","date_gmt":"2022-02-03T11:08:10","guid":{"rendered":"https:\/\/blogdorogeriogomes.com.br\/?p=24283"},"modified":"2022-02-04T09:09:52","modified_gmt":"2022-02-04T09:09:52","slug":"mais-dois-pms-sao-expulsos-da-corporacao-por-participacao-no-motim-de-2020-agora-ja-sao-10-excluidos","status":"publish","type":"post","link":"https:\/\/blogdorogeriogomes.com.br\/noticias\/2022\/02\/mais-dois-pms-sao-expulsos-da-corporacao-por-participacao-no-motim-de-2020-agora-ja-sao-10-excluidos\/","title":{"rendered":"Mais dois PMs s\u00e3o expulsos da corpora\u00e7\u00e3o por participa\u00e7\u00e3o no motim de 2020. Agora j\u00e1 s\u00e3o 10 exclu\u00eddos"},"content":{"rendered":"\n<p>A Controladoria Geral de Disciplina dos \u00d3rg\u00e3os de Seguran\u00e7a P\u00fablica e Sistema Penitenci\u00e1rio (CGD) decidiu pelas expuls\u00f5es de mais dois agentes de seguran\u00e7a que participaram do motim dos militares no Cear\u00e1 em fevereiro de <span style=\"font-size: inherit;\">2020. Foram exclu\u00eddos do quadro o cabo Alexandre de Castro Lima e o soldado Allyson Moreira Cajazeiras. A decis\u00e3o foi publicada, nesta quarta-feira, dia 2 de fevereiro, no Di\u00e1rio Oficial do Estado (DOE).<\/span><\/p>\n\n\n\n<p>J\u00e1 s\u00e3o 10 policiais militares exclu\u00eddos da corpora\u00e7\u00e3o at\u00e9 o momento e oito punidos com san\u00e7\u00f5es disciplinares de perman\u00eancia por participa\u00e7\u00e3o no movimento.<\/p>\n\n\n\n<p>Na Assembleia Legislativa do Cear\u00e1, a CPI do Motim que investiga a participa\u00e7\u00e3o das Associa\u00e7\u00f5es Militares no movimento teve o prazo prorrogado por 120 dias. A prioridade dessa nova fase da CPI s\u00e3o os depoimentos das testemunhas j\u00e1 convidadas no final do ano passado.&nbsp;<\/p>\n\n\n\n<figure class=\"wp-block-image size-large\"><img loading=\"lazy\" decoding=\"async\" width=\"600\" height=\"400\" src=\"https:\/\/blogdorogeriogomes.com.br\/wp-content\/uploads\/2022\/02\/images-41.jpeg\" alt=\"\" class=\"wp-image-24284\" srcset=\"https:\/\/blogdorogeriogomes.com.br\/noticias\/wp-content\/uploads\/2022\/02\/images-41.jpeg 600w, https:\/\/blogdorogeriogomes.com.br\/noticias\/wp-content\/uploads\/2022\/02\/images-41-300x200.jpeg 300w\" sizes=\"auto, (max-width: 600px) 100vw, 600px\" \/><\/figure>\n","protected":false},"excerpt":{"rendered":"<p>A Controladoria Geral de Disciplina dos \u00d3rg\u00e3os de Seguran\u00e7a P\u00fablica e Sistema Penitenci\u00e1rio (CGD) decidiu pelas expuls\u00f5es de mais dois agentes de seguran\u00e7a que participaram do motim dos militares no Cear\u00e1 em fevereiro de 2020. Foram exclu\u00eddos do quadro o cabo Alexandre de Castro Lima e o soldado Allyson Moreira Cajazeiras. A decis\u00e3o foi publicada, nesta quarta-feira, dia 2 de fevereiro, no Di\u00e1rio Oficial do Estado (DOE). J\u00e1 s\u00e3o 10 policiais militares exclu\u00eddos da corpora\u00e7\u00e3o at\u00e9 o momento e&hellip;<\/p>\n","protected":false},"author":1,"featured_media":24284,"comment_status":"open","ping_status":"open","sticky":false,"template":"","format":"standard","meta":{"footnotes":""},"categories":[1],"tags":[],"class_list":["post-24283","post","type-post","status-publish","format-standard","has-post-thumbnail","hentry","category-noticias"],"_links":{"self":[{"href":"https:\/\/blogdorogeriogomes.com.br\/noticias\/wp-json\/wp\/v2\/posts\/24283","targetHints":{"allow":["GET"]}}],"collection":[{"href":"https:\/\/blogdorogeriogomes.com.br\/noticias\/wp-json\/wp\/v2\/posts"}],"about":[{"href":"https:\/\/blogdorogeriogomes.com.br\/noticias\/wp-json\/wp\/v2\/types\/post"}],"author":[{"embeddable":true,"href":"https:\/\/blogdorogeriogomes.com.br\/noticias\/wp-json\/wp\/v2\/users\/1"}],"replies":[{"embeddable":true,"href":"https:\/\/blogdorogeriogomes.com.br\/noticias\/wp-json\/wp\/v2\/comments?post=24283"}],"version-history":[{"count":2,"href":"https:\/\/blogdorogeriogomes.com.br\/noticias\/wp-json\/wp\/v2\/posts\/24283\/revisions"}],"predecessor-version":[{"id":24298,"href":"https:\/\/blogdorogeriogomes.com.br\/noticias\/wp-json\/wp\/v2\/posts\/24283\/revisions\/24298"}],"wp:featuredmedia":[{"embeddable":true,"href":"https:\/\/blogdorogeriogomes.com.br\/noticias\/wp-json\/wp\/v2\/media\/24284"}],"wp:attachment":[{"href":"https:\/\/blogdorogeriogomes.com.br\/noticias\/wp-json\/wp\/v2\/media?parent=24283"}],"wp:term":[{"taxonomy":"category","embeddable":true,"href":"https:\/\/blogdorogeriogomes.com.br\/noticias\/wp-json\/wp\/v2\/categories?post=24283"},{"taxonomy":"post_tag","embeddable":true,"href":"https:\/\/blogdorogeriogomes.com.br\/noticias\/wp-json\/wp\/v2\/tags?post=24283"}],"curies":[{"name":"wp","href":"https:\/\/api.w.org\/{rel}","templated":true}]}}