{"id":24289,"date":"2022-02-03T23:16:56","date_gmt":"2022-02-03T23:16:56","guid":{"rendered":"https:\/\/blogdorogeriogomes.com.br\/?p=24289"},"modified":"2022-02-04T09:09:36","modified_gmt":"2022-02-04T09:09:36","slug":"vacinacao-de-criancas-tera-repescagem-em-fortaleza-no-fim-de-semana-coronavac-tambem-passa-a-ser-aplicada-no-publico-infantil","status":"publish","type":"post","link":"https:\/\/blogdorogeriogomes.com.br\/noticias\/2022\/02\/vacinacao-de-criancas-tera-repescagem-em-fortaleza-no-fim-de-semana-coronavac-tambem-passa-a-ser-aplicada-no-publico-infantil\/","title":{"rendered":"Vacina\u00e7\u00e3o de crian\u00e7as ter\u00e1 repescagem em Fortaleza no fim de semana. Coronavac tamb\u00e9m passa a ser aplicada no p\u00fablico infantil"},"content":{"rendered":"\n<p>O fim de semana ter\u00e1 repescagem na vacina\u00e7\u00e3o para o p\u00fablico infantil de Fortaleza, de 5 a 11 anos, que perdeu o agendamento na plataforma Sa\u00fade Digital.  No s\u00e1bado, dia 5 de fevereiro, a repescagem ocorrer\u00e1 no Centro de Eventos do Cear\u00e1, de 9 \u00e0s 17 horas, e em mais 21 postos de sa\u00fade da Capital, das 9 \u00e0s 16 horas. J\u00e1 no domingo, o atendimento ser\u00e1 no Centro de Eventos, das 9 \u00e0s 17 horas.<\/p>\n\n\n\n<p>&nbsp;As crian\u00e7as ser\u00e3o imunizadas com a vacina da marca Pfizer, aprovada para uso pela Ag\u00eancia Nacional de Vigil\u00e2ncia Sanit\u00e1ria (Anvisa).&nbsp;A novidade \u00e9 que a vacina contra Covid-19 da CoronaVac\/Butantan tamb\u00e9m come\u00e7a a ser aplicada em crian\u00e7as a partir de seis anos no pr\u00f3ximo s\u00e1bado.<\/p>\n\n\n\n<p>\u201cAgora, teremos dois imunobiol\u00f3gicos dispon\u00edveis para o p\u00fablico pedi\u00e1trico, a Pfizer e a CoronaVac. \u00c9 importante ressaltar que ambas s\u00e3o seguras e aprovadas pela Anvisa&#8221;, disse Ana Estela Leite, secret\u00e1ria de Sa\u00fade de Fortaleza.&nbsp;<\/p>\n\n\n\n<figure class=\"wp-block-image size-large\"><img loading=\"lazy\" decoding=\"async\" width=\"1024\" height=\"576\" src=\"https:\/\/blogdorogeriogomes.com.br\/wp-content\/uploads\/2022\/02\/photo1642868340-1024x576.jpeg\" alt=\"\" class=\"wp-image-24290\" srcset=\"https:\/\/blogdorogeriogomes.com.br\/noticias\/wp-content\/uploads\/2022\/02\/photo1642868340-1024x576.jpeg 1024w, https:\/\/blogdorogeriogomes.com.br\/noticias\/wp-content\/uploads\/2022\/02\/photo1642868340-300x169.jpeg 300w, https:\/\/blogdorogeriogomes.com.br\/noticias\/wp-content\/uploads\/2022\/02\/photo1642868340-768x432.jpeg 768w, https:\/\/blogdorogeriogomes.com.br\/noticias\/wp-content\/uploads\/2022\/02\/photo1642868340-800x450.jpeg 800w, https:\/\/blogdorogeriogomes.com.br\/noticias\/wp-content\/uploads\/2022\/02\/photo1642868340.jpeg 1080w\" sizes=\"auto, (max-width: 1024px) 100vw, 1024px\" \/><\/figure>\n","protected":false},"excerpt":{"rendered":"<p>O fim de semana ter\u00e1 repescagem na vacina\u00e7\u00e3o para o p\u00fablico infantil de Fortaleza, de 5 a 11 anos, que perdeu o agendamento na plataforma Sa\u00fade Digital. No s\u00e1bado, dia 5 de fevereiro, a repescagem ocorrer\u00e1 no Centro de Eventos do Cear\u00e1, de 9 \u00e0s 17 horas, e em mais 21 postos de sa\u00fade da Capital, das 9 \u00e0s 16 horas. J\u00e1 no domingo, o atendimento ser\u00e1 no Centro de Eventos, das 9 \u00e0s 17 horas. &nbsp;As crian\u00e7as ser\u00e3o&hellip;<\/p>\n","protected":false},"author":1,"featured_media":24290,"comment_status":"open","ping_status":"open","sticky":false,"template":"","format":"standard","meta":{"footnotes":""},"categories":[1],"tags":[],"class_list":["post-24289","post","type-post","status-publish","format-standard","has-post-thumbnail","hentry","category-noticias"],"_links":{"self":[{"href":"https:\/\/blogdorogeriogomes.com.br\/noticias\/wp-json\/wp\/v2\/posts\/24289","targetHints":{"allow":["GET"]}}],"collection":[{"href":"https:\/\/blogdorogeriogomes.com.br\/noticias\/wp-json\/wp\/v2\/posts"}],"about":[{"href":"https:\/\/blogdorogeriogomes.com.br\/noticias\/wp-json\/wp\/v2\/types\/post"}],"author":[{"embeddable":true,"href":"https:\/\/blogdorogeriogomes.com.br\/noticias\/wp-json\/wp\/v2\/users\/1"}],"replies":[{"embeddable":true,"href":"https:\/\/blogdorogeriogomes.com.br\/noticias\/wp-json\/wp\/v2\/comments?post=24289"}],"version-history":[{"count":2,"href":"https:\/\/blogdorogeriogomes.com.br\/noticias\/wp-json\/wp\/v2\/posts\/24289\/revisions"}],"predecessor-version":[{"id":24296,"href":"https:\/\/blogdorogeriogomes.com.br\/noticias\/wp-json\/wp\/v2\/posts\/24289\/revisions\/24296"}],"wp:featuredmedia":[{"embeddable":true,"href":"https:\/\/blogdorogeriogomes.com.br\/noticias\/wp-json\/wp\/v2\/media\/24290"}],"wp:attachment":[{"href":"https:\/\/blogdorogeriogomes.com.br\/noticias\/wp-json\/wp\/v2\/media?parent=24289"}],"wp:term":[{"taxonomy":"category","embeddable":true,"href":"https:\/\/blogdorogeriogomes.com.br\/noticias\/wp-json\/wp\/v2\/categories?post=24289"},{"taxonomy":"post_tag","embeddable":true,"href":"https:\/\/blogdorogeriogomes.com.br\/noticias\/wp-json\/wp\/v2\/tags?post=24289"}],"curies":[{"name":"wp","href":"https:\/\/api.w.org\/{rel}","templated":true}]}}