{"id":24292,"date":"2022-02-03T23:40:42","date_gmt":"2022-02-03T23:40:42","guid":{"rendered":"https:\/\/blogdorogeriogomes.com.br\/?p=24292"},"modified":"2022-02-04T09:09:15","modified_gmt":"2022-02-04T09:09:15","slug":"ensino-superior-do-ceara-tera-abertura-de-novos-campi-novos-cursos-e-realizacao-de-concurso-publico","status":"publish","type":"post","link":"https:\/\/blogdorogeriogomes.com.br\/noticias\/2022\/02\/ensino-superior-do-ceara-tera-abertura-de-novos-campi-novos-cursos-e-realizacao-de-concurso-publico\/","title":{"rendered":"Ensino Superior do Cear\u00e1 ter\u00e1 abertura de novos campi, novos cursos e realiza\u00e7\u00e3o de concurso p\u00fablico"},"content":{"rendered":"\n<p>Com a presen\u00e7a dos reitores Hidelbrando Soares, da Universidade Estadual do Cear\u00e1 (Uece); Lima J\u00fanior, da Universidade Regional do Cariri (Urca); e Fabianno Cavalcante, da Universidade Estadual Vale do Acara\u00fa (UVA), o governador Camilo Santana anunciou, nesta quinta-feira, dia 3 de fevereiro, que o Cear\u00e1 contar\u00e1 com sete novas sedes para as tr\u00eas universidades estaduais no Interior. <\/p>\n\n\n\n<p>Saltando de 16 para 23 munic\u00edpios com ensino superior estadual dispon\u00edvel, o incremento \u00e9 de 44%. Camilo Santana apresentou novos cursos para cinco campi j\u00e1 existentes, como Medicina em Crate\u00fas, Quixeramobim e Crato, al\u00e9m de Agronomia em S\u00e3o Benedito. Outro destaque do an\u00fancio foi a confirma\u00e7\u00e3o de 693 vagas em concurso p\u00fablico para professores efetivos.<\/p>\n\n\n\n<p>Foi assinado o decreto que institui a Pol\u00edtica de Expans\u00e3o do Ensino Superior do Estado do Cear\u00e1. A defini\u00e7\u00e3o dos cursos conforme a sede \u00e9 norteada pela voca\u00e7\u00e3o regional, de forma a atender a demanda de profissionais qualificados para fomentar o desenvolvimento local.<\/p>\n\n\n\n<figure class=\"wp-block-image size-large\"><img loading=\"lazy\" decoding=\"async\" width=\"1024\" height=\"683\" src=\"https:\/\/blogdorogeriogomes.com.br\/wp-content\/uploads\/2022\/02\/220203_EXPANSAO-ENSINO-SUPERIOR-ESTADUAL_CG6632-1200x800-1-1024x683.jpg\" alt=\"\" class=\"wp-image-24293\" srcset=\"https:\/\/blogdorogeriogomes.com.br\/noticias\/wp-content\/uploads\/2022\/02\/220203_EXPANSAO-ENSINO-SUPERIOR-ESTADUAL_CG6632-1200x800-1-1024x683.jpg 1024w, https:\/\/blogdorogeriogomes.com.br\/noticias\/wp-content\/uploads\/2022\/02\/220203_EXPANSAO-ENSINO-SUPERIOR-ESTADUAL_CG6632-1200x800-1-300x200.jpg 300w, https:\/\/blogdorogeriogomes.com.br\/noticias\/wp-content\/uploads\/2022\/02\/220203_EXPANSAO-ENSINO-SUPERIOR-ESTADUAL_CG6632-1200x800-1-768x512.jpg 768w, https:\/\/blogdorogeriogomes.com.br\/noticias\/wp-content\/uploads\/2022\/02\/220203_EXPANSAO-ENSINO-SUPERIOR-ESTADUAL_CG6632-1200x800-1-800x533.jpg 800w, https:\/\/blogdorogeriogomes.com.br\/noticias\/wp-content\/uploads\/2022\/02\/220203_EXPANSAO-ENSINO-SUPERIOR-ESTADUAL_CG6632-1200x800-1.jpg 1200w\" sizes=\"auto, (max-width: 1024px) 100vw, 1024px\" \/><\/figure>\n","protected":false},"excerpt":{"rendered":"<p>Com a presen\u00e7a dos reitores Hidelbrando Soares, da Universidade Estadual do Cear\u00e1 (Uece); Lima J\u00fanior, da Universidade Regional do Cariri (Urca); e Fabianno Cavalcante, da Universidade Estadual Vale do Acara\u00fa (UVA), o governador Camilo Santana anunciou, nesta quinta-feira, dia 3 de fevereiro, que o Cear\u00e1 contar\u00e1 com sete novas sedes para as tr\u00eas universidades estaduais no Interior. Saltando de 16 para 23 munic\u00edpios com ensino superior estadual dispon\u00edvel, o incremento \u00e9 de 44%. Camilo Santana apresentou novos cursos para&hellip;<\/p>\n","protected":false},"author":1,"featured_media":24293,"comment_status":"open","ping_status":"open","sticky":false,"template":"","format":"standard","meta":{"footnotes":""},"categories":[1],"tags":[],"class_list":["post-24292","post","type-post","status-publish","format-standard","has-post-thumbnail","hentry","category-noticias"],"_links":{"self":[{"href":"https:\/\/blogdorogeriogomes.com.br\/noticias\/wp-json\/wp\/v2\/posts\/24292","targetHints":{"allow":["GET"]}}],"collection":[{"href":"https:\/\/blogdorogeriogomes.com.br\/noticias\/wp-json\/wp\/v2\/posts"}],"about":[{"href":"https:\/\/blogdorogeriogomes.com.br\/noticias\/wp-json\/wp\/v2\/types\/post"}],"author":[{"embeddable":true,"href":"https:\/\/blogdorogeriogomes.com.br\/noticias\/wp-json\/wp\/v2\/users\/1"}],"replies":[{"embeddable":true,"href":"https:\/\/blogdorogeriogomes.com.br\/noticias\/wp-json\/wp\/v2\/comments?post=24292"}],"version-history":[{"count":1,"href":"https:\/\/blogdorogeriogomes.com.br\/noticias\/wp-json\/wp\/v2\/posts\/24292\/revisions"}],"predecessor-version":[{"id":24294,"href":"https:\/\/blogdorogeriogomes.com.br\/noticias\/wp-json\/wp\/v2\/posts\/24292\/revisions\/24294"}],"wp:featuredmedia":[{"embeddable":true,"href":"https:\/\/blogdorogeriogomes.com.br\/noticias\/wp-json\/wp\/v2\/media\/24293"}],"wp:attachment":[{"href":"https:\/\/blogdorogeriogomes.com.br\/noticias\/wp-json\/wp\/v2\/media?parent=24292"}],"wp:term":[{"taxonomy":"category","embeddable":true,"href":"https:\/\/blogdorogeriogomes.com.br\/noticias\/wp-json\/wp\/v2\/categories?post=24292"},{"taxonomy":"post_tag","embeddable":true,"href":"https:\/\/blogdorogeriogomes.com.br\/noticias\/wp-json\/wp\/v2\/tags?post=24292"}],"curies":[{"name":"wp","href":"https:\/\/api.w.org\/{rel}","templated":true}]}}