{"id":24302,"date":"2022-02-04T11:02:32","date_gmt":"2022-02-04T11:02:32","guid":{"rendered":"https:\/\/blogdorogeriogomes.com.br\/?p=24302"},"modified":"2022-02-07T14:39:13","modified_gmt":"2022-02-07T14:39:13","slug":"jair-bolsonaro-comete-nova-gafe-com-cearenses-ao-falar-de-padre-cicero-moro-estara-em-juazeiro-no-domingo","status":"publish","type":"post","link":"https:\/\/blogdorogeriogomes.com.br\/noticias\/2022\/02\/jair-bolsonaro-comete-nova-gafe-com-cearenses-ao-falar-de-padre-cicero-moro-estara-em-juazeiro-no-domingo\/","title":{"rendered":"Jair Bolsonaro comete nova gafe com cearenses ao falar de Padre C\u00edcero. Moro estar\u00e1 em Juazeiro no domingo"},"content":{"rendered":"\n<p>Na sua live desta quinta-feira, dia 3 de fevereiro, o presidente Jair Bolsonaro cometeu nova gafe com os cearenses. Falou em Padre C\u00edcero como sendo de Pernambuco. E \u00e9 porque j\u00e1 foi em Juazeiro do Norte com direito a chap\u00e9u de couro na cabe\u00e7a pra fazer campanha eleitoral antecipada. Na live, ainda chamou nordestinos de &#8220;pai de arara&#8221;, termo usado de forma pejorativa contra quem mora no Nordeste. &#8220;Cheio de pau de arara aqui e n\u00e3o sabem em que cidade fica Padre C\u00edcero, p\u00f4?&#8221;, questionou o presidente.<\/p>\n\n\n\n<p>A forma preconceituosa como alguns pol\u00edticos se manifestam em rela\u00e7\u00e3o ao Nordeste fica ainda mais constrangedora quando eles resolvem vir \u00e0 regi\u00e3o querendo tirar proveito pol\u00edtico. No pr\u00f3ximo domingo, dia 6, por exemplo, o ex-juiz Sergio Moro vem ao Cariri para pedir a &#8220;ben\u00e7\u00e3o&#8221; ao Padre C\u00edcero. \u00c9 mais um que vem fazer foto pra embalar a campanha eleitoral. Moro ficar\u00e1 at\u00e9 o dia 9 no Cear\u00e1 fazendo contatos pol\u00edticos. Depois de Juazeiro do Norte, ele vir\u00e1 a Fortaleza.<\/p>\n\n\n\n<p>Em tempo: Bolsonaro confirmou ontem que 11 ministros v\u00e3o deixar o Governo Federal para concorrer nas elei\u00e7\u00f5es deste ano. No dia 31 de mar\u00e7o, outros 11 assumem um &#8220;mandato-tamp\u00e3o&#8221; nos minist\u00e9rios. O Centr\u00e3o est\u00e1 com um grande apetite para os cargos. Dois senadores governistas que defenderam Bolsonaro na CPI da Covid podem ser contemplados: Marcos Rog\u00e9rio e Luiz Carlos Heizen.<\/p>\n\n\n\n<figure class=\"wp-block-image size-large\"><img loading=\"lazy\" decoding=\"async\" width=\"739\" height=\"415\" src=\"https:\/\/blogdorogeriogomes.com.br\/wp-content\/uploads\/2022\/02\/images-44.jpeg\" alt=\"\" class=\"wp-image-24303\" srcset=\"https:\/\/blogdorogeriogomes.com.br\/noticias\/wp-content\/uploads\/2022\/02\/images-44.jpeg 739w, https:\/\/blogdorogeriogomes.com.br\/noticias\/wp-content\/uploads\/2022\/02\/images-44-300x168.jpeg 300w\" sizes=\"auto, (max-width: 739px) 100vw, 739px\" \/><\/figure>\n","protected":false},"excerpt":{"rendered":"<p>Na sua live desta quinta-feira, dia 3 de fevereiro, o presidente Jair Bolsonaro cometeu nova gafe com os cearenses. Falou em Padre C\u00edcero como sendo de Pernambuco. E \u00e9 porque j\u00e1 foi em Juazeiro do Norte com direito a chap\u00e9u de couro na cabe\u00e7a pra fazer campanha eleitoral antecipada. Na live, ainda chamou nordestinos de &#8220;pai de arara&#8221;, termo usado de forma pejorativa contra quem mora no Nordeste. &#8220;Cheio de pau de arara aqui e n\u00e3o sabem em que&hellip;<\/p>\n","protected":false},"author":1,"featured_media":24303,"comment_status":"open","ping_status":"open","sticky":false,"template":"","format":"standard","meta":{"footnotes":""},"categories":[1],"tags":[],"class_list":["post-24302","post","type-post","status-publish","format-standard","has-post-thumbnail","hentry","category-noticias"],"_links":{"self":[{"href":"https:\/\/blogdorogeriogomes.com.br\/noticias\/wp-json\/wp\/v2\/posts\/24302","targetHints":{"allow":["GET"]}}],"collection":[{"href":"https:\/\/blogdorogeriogomes.com.br\/noticias\/wp-json\/wp\/v2\/posts"}],"about":[{"href":"https:\/\/blogdorogeriogomes.com.br\/noticias\/wp-json\/wp\/v2\/types\/post"}],"author":[{"embeddable":true,"href":"https:\/\/blogdorogeriogomes.com.br\/noticias\/wp-json\/wp\/v2\/users\/1"}],"replies":[{"embeddable":true,"href":"https:\/\/blogdorogeriogomes.com.br\/noticias\/wp-json\/wp\/v2\/comments?post=24302"}],"version-history":[{"count":1,"href":"https:\/\/blogdorogeriogomes.com.br\/noticias\/wp-json\/wp\/v2\/posts\/24302\/revisions"}],"predecessor-version":[{"id":24304,"href":"https:\/\/blogdorogeriogomes.com.br\/noticias\/wp-json\/wp\/v2\/posts\/24302\/revisions\/24304"}],"wp:featuredmedia":[{"embeddable":true,"href":"https:\/\/blogdorogeriogomes.com.br\/noticias\/wp-json\/wp\/v2\/media\/24303"}],"wp:attachment":[{"href":"https:\/\/blogdorogeriogomes.com.br\/noticias\/wp-json\/wp\/v2\/media?parent=24302"}],"wp:term":[{"taxonomy":"category","embeddable":true,"href":"https:\/\/blogdorogeriogomes.com.br\/noticias\/wp-json\/wp\/v2\/categories?post=24302"},{"taxonomy":"post_tag","embeddable":true,"href":"https:\/\/blogdorogeriogomes.com.br\/noticias\/wp-json\/wp\/v2\/tags?post=24302"}],"curies":[{"name":"wp","href":"https:\/\/api.w.org\/{rel}","templated":true}]}}