{"id":24305,"date":"2022-02-04T19:19:10","date_gmt":"2022-02-04T19:19:10","guid":{"rendered":"https:\/\/blogdorogeriogomes.com.br\/?p=24305"},"modified":"2022-02-07T14:36:37","modified_gmt":"2022-02-07T14:36:37","slug":"prefeitura-de-fortaleza-anuncia-novas-acoes-de-socorro-a-moradores-de-rua-na-capital","status":"publish","type":"post","link":"https:\/\/blogdorogeriogomes.com.br\/noticias\/2022\/02\/prefeitura-de-fortaleza-anuncia-novas-acoes-de-socorro-a-moradores-de-rua-na-capital\/","title":{"rendered":"Prefeitura de Fortaleza anuncia novas a\u00e7\u00f5es de socorro a moradores de rua na Capital"},"content":{"rendered":"\n<p>O prefeito de Fortaleza, Jos\u00e9 Sarto, anunciou, nesta sexta-feira, dia 4 de fevereiro, um pacote de a\u00e7\u00f5es emergenciais destinado \u00e0 popula\u00e7\u00e3o mais vulner\u00e1vel da Capital. Entre as principais medidas, est\u00e3o a cria\u00e7\u00e3o de mais um abrigo para mulheres e fam\u00edlias, mais um Espa\u00e7o de Higiene Cidad\u00e3, mais 300 vagas no aluguel social e mais mil refei\u00e7\u00f5es di\u00e1rias. O investimento total anual ser\u00e1 de R$ 8,7 milh\u00f5es.<\/p>\n\n\n\n<p>Fortaleza conta hoje com tr\u00eas Espa\u00e7os de Higiene Cidad\u00e3, um abrigo para fam\u00edlias (50 vagas), 306 vagas no Programa de Loca\u00e7\u00e3o Social e com a distribui\u00e7\u00e3o de 1 mil quentinhas e 700 sopas diariamente. Al\u00e9m disso, por meio da Secretaria Municipal dos Direitos Humanos e Desenvolvimento Social, s\u00e3o oferecidos os servi\u00e7os do Centro Pop, que conta com duas unidades na Capital e realiza atendimento socioassistencial \u00e0s pessoas em situa\u00e7\u00e3o de rua.<\/p>\n\n\n\n<figure class=\"wp-block-image size-large\"><img loading=\"lazy\" decoding=\"async\" width=\"678\" height=\"452\" src=\"https:\/\/blogdorogeriogomes.com.br\/wp-content\/uploads\/2022\/02\/images-46.jpeg\" alt=\"\" class=\"wp-image-24306\" srcset=\"https:\/\/blogdorogeriogomes.com.br\/noticias\/wp-content\/uploads\/2022\/02\/images-46.jpeg 678w, https:\/\/blogdorogeriogomes.com.br\/noticias\/wp-content\/uploads\/2022\/02\/images-46-300x200.jpeg 300w\" sizes=\"auto, (max-width: 678px) 100vw, 678px\" \/><\/figure>\n","protected":false},"excerpt":{"rendered":"<p>O prefeito de Fortaleza, Jos\u00e9 Sarto, anunciou, nesta sexta-feira, dia 4 de fevereiro, um pacote de a\u00e7\u00f5es emergenciais destinado \u00e0 popula\u00e7\u00e3o mais vulner\u00e1vel da Capital. Entre as principais medidas, est\u00e3o a cria\u00e7\u00e3o de mais um abrigo para mulheres e fam\u00edlias, mais um Espa\u00e7o de Higiene Cidad\u00e3, mais 300 vagas no aluguel social e mais mil refei\u00e7\u00f5es di\u00e1rias. O investimento total anual ser\u00e1 de R$ 8,7 milh\u00f5es. Fortaleza conta hoje com tr\u00eas Espa\u00e7os de Higiene Cidad\u00e3, um abrigo para fam\u00edlias&hellip;<\/p>\n","protected":false},"author":1,"featured_media":24306,"comment_status":"open","ping_status":"open","sticky":false,"template":"","format":"standard","meta":{"footnotes":""},"categories":[1],"tags":[],"class_list":["post-24305","post","type-post","status-publish","format-standard","has-post-thumbnail","hentry","category-noticias"],"_links":{"self":[{"href":"https:\/\/blogdorogeriogomes.com.br\/noticias\/wp-json\/wp\/v2\/posts\/24305","targetHints":{"allow":["GET"]}}],"collection":[{"href":"https:\/\/blogdorogeriogomes.com.br\/noticias\/wp-json\/wp\/v2\/posts"}],"about":[{"href":"https:\/\/blogdorogeriogomes.com.br\/noticias\/wp-json\/wp\/v2\/types\/post"}],"author":[{"embeddable":true,"href":"https:\/\/blogdorogeriogomes.com.br\/noticias\/wp-json\/wp\/v2\/users\/1"}],"replies":[{"embeddable":true,"href":"https:\/\/blogdorogeriogomes.com.br\/noticias\/wp-json\/wp\/v2\/comments?post=24305"}],"version-history":[{"count":1,"href":"https:\/\/blogdorogeriogomes.com.br\/noticias\/wp-json\/wp\/v2\/posts\/24305\/revisions"}],"predecessor-version":[{"id":24307,"href":"https:\/\/blogdorogeriogomes.com.br\/noticias\/wp-json\/wp\/v2\/posts\/24305\/revisions\/24307"}],"wp:featuredmedia":[{"embeddable":true,"href":"https:\/\/blogdorogeriogomes.com.br\/noticias\/wp-json\/wp\/v2\/media\/24306"}],"wp:attachment":[{"href":"https:\/\/blogdorogeriogomes.com.br\/noticias\/wp-json\/wp\/v2\/media?parent=24305"}],"wp:term":[{"taxonomy":"category","embeddable":true,"href":"https:\/\/blogdorogeriogomes.com.br\/noticias\/wp-json\/wp\/v2\/categories?post=24305"},{"taxonomy":"post_tag","embeddable":true,"href":"https:\/\/blogdorogeriogomes.com.br\/noticias\/wp-json\/wp\/v2\/tags?post=24305"}],"curies":[{"name":"wp","href":"https:\/\/api.w.org\/{rel}","templated":true}]}}