{"id":24308,"date":"2022-02-04T19:35:55","date_gmt":"2022-02-04T19:35:55","guid":{"rendered":"https:\/\/blogdorogeriogomes.com.br\/?p=24308"},"modified":"2022-02-07T14:36:10","modified_gmt":"2022-02-07T14:36:10","slug":"decreto-da-covid-para-o-carnaval-mantem-mesmas-regras-de-publico-em-eventos-sociais-mas-fiscalizacao-sera-intensificada","status":"publish","type":"post","link":"https:\/\/blogdorogeriogomes.com.br\/noticias\/2022\/02\/decreto-da-covid-para-o-carnaval-mantem-mesmas-regras-de-publico-em-eventos-sociais-mas-fiscalizacao-sera-intensificada\/","title":{"rendered":"Decreto da Covid para o Carnaval mant\u00e9m mesmas regras de p\u00fablico em eventos sociais, mas fiscaliza\u00e7\u00e3o ser\u00e1 intensificada"},"content":{"rendered":"\n<p>O Comit\u00ea Estadual de Enfrentamento \u00e0 Covid-19 definiu, nesta sexta-feira, dia 4 de fevereiro, o Decreto Estadual para o per\u00edodo do carnaval. As principais decis\u00f5es s\u00e3o que n\u00e3o haver\u00e1 ponto facultativo concedido por entidades e \u00f3rg\u00e3os p\u00fablicos; haver\u00e1 recomenda\u00e7\u00e3o \u00e0s institui\u00e7\u00f5es de ensino a fim de que funcionem normalmente e tamb\u00e9m aos \u00f3rg\u00e3os representativos competentes para a abertura do com\u00e9rcio, servi\u00e7os e ind\u00fastria.<\/p>\n\n\n\n<p>Ficou definida ainda a manuten\u00e7\u00e3o da capacidade para eventos sociais de 250 pessoas em ambientes fechados e 500 pessoas em ambientes abertos, sempre com o cumprimento dos protocolos sanit\u00e1rios e a exig\u00eancia do passaporte da vacina. Esta medida j\u00e1 est\u00e1 em vigor atualmente. <\/p>\n\n\n\n<p>A fiscaliza\u00e7\u00e3o \u00e0s aglomera\u00e7\u00f5es de rua durante o per\u00edodo carnavalesco, entre 26 de fevereiro e 1\u00b0 de mar\u00e7o, dever\u00e1 ser intensificada.<br>Para congressos, semin\u00e1rios e outros eventos corporativos, n\u00e3o festivos, a capacidade fica ampliada para 1.500 pessoas em ambientes fechados e 3.000 em ambientes abertos.<br>&#8220;Continuamos firmes na luta para vencer mais essa onda da pandemia. E juntos estamos conseguindo, com o apoio fundamental da popula\u00e7\u00e3o e a vacina\u00e7\u00e3o para todos e todas&#8221;, ressaltou o governador Camilo Santana.<\/p>\n\n\n\n<figure class=\"wp-block-image size-large\"><img loading=\"lazy\" decoding=\"async\" width=\"1024\" height=\"673\" src=\"https:\/\/blogdorogeriogomes.com.br\/wp-content\/uploads\/2022\/02\/IMG-20220204-WA0100-1024x673.jpg\" alt=\"\" class=\"wp-image-24309\" srcset=\"https:\/\/blogdorogeriogomes.com.br\/noticias\/wp-content\/uploads\/2022\/02\/IMG-20220204-WA0100-1024x673.jpg 1024w, https:\/\/blogdorogeriogomes.com.br\/noticias\/wp-content\/uploads\/2022\/02\/IMG-20220204-WA0100-300x197.jpg 300w, https:\/\/blogdorogeriogomes.com.br\/noticias\/wp-content\/uploads\/2022\/02\/IMG-20220204-WA0100-768x505.jpg 768w, https:\/\/blogdorogeriogomes.com.br\/noticias\/wp-content\/uploads\/2022\/02\/IMG-20220204-WA0100-800x526.jpg 800w, https:\/\/blogdorogeriogomes.com.br\/noticias\/wp-content\/uploads\/2022\/02\/IMG-20220204-WA0100.jpg 1440w\" sizes=\"auto, (max-width: 1024px) 100vw, 1024px\" \/><\/figure>\n","protected":false},"excerpt":{"rendered":"<p>O Comit\u00ea Estadual de Enfrentamento \u00e0 Covid-19 definiu, nesta sexta-feira, dia 4 de fevereiro, o Decreto Estadual para o per\u00edodo do carnaval. As principais decis\u00f5es s\u00e3o que n\u00e3o haver\u00e1 ponto facultativo concedido por entidades e \u00f3rg\u00e3os p\u00fablicos; haver\u00e1 recomenda\u00e7\u00e3o \u00e0s institui\u00e7\u00f5es de ensino a fim de que funcionem normalmente e tamb\u00e9m aos \u00f3rg\u00e3os representativos competentes para a abertura do com\u00e9rcio, servi\u00e7os e ind\u00fastria. Ficou definida ainda a manuten\u00e7\u00e3o da capacidade para eventos sociais de 250 pessoas em ambientes fechados&hellip;<\/p>\n","protected":false},"author":1,"featured_media":24309,"comment_status":"open","ping_status":"open","sticky":false,"template":"","format":"standard","meta":{"footnotes":""},"categories":[1],"tags":[],"class_list":["post-24308","post","type-post","status-publish","format-standard","has-post-thumbnail","hentry","category-noticias"],"_links":{"self":[{"href":"https:\/\/blogdorogeriogomes.com.br\/noticias\/wp-json\/wp\/v2\/posts\/24308","targetHints":{"allow":["GET"]}}],"collection":[{"href":"https:\/\/blogdorogeriogomes.com.br\/noticias\/wp-json\/wp\/v2\/posts"}],"about":[{"href":"https:\/\/blogdorogeriogomes.com.br\/noticias\/wp-json\/wp\/v2\/types\/post"}],"author":[{"embeddable":true,"href":"https:\/\/blogdorogeriogomes.com.br\/noticias\/wp-json\/wp\/v2\/users\/1"}],"replies":[{"embeddable":true,"href":"https:\/\/blogdorogeriogomes.com.br\/noticias\/wp-json\/wp\/v2\/comments?post=24308"}],"version-history":[{"count":1,"href":"https:\/\/blogdorogeriogomes.com.br\/noticias\/wp-json\/wp\/v2\/posts\/24308\/revisions"}],"predecessor-version":[{"id":24310,"href":"https:\/\/blogdorogeriogomes.com.br\/noticias\/wp-json\/wp\/v2\/posts\/24308\/revisions\/24310"}],"wp:featuredmedia":[{"embeddable":true,"href":"https:\/\/blogdorogeriogomes.com.br\/noticias\/wp-json\/wp\/v2\/media\/24309"}],"wp:attachment":[{"href":"https:\/\/blogdorogeriogomes.com.br\/noticias\/wp-json\/wp\/v2\/media?parent=24308"}],"wp:term":[{"taxonomy":"category","embeddable":true,"href":"https:\/\/blogdorogeriogomes.com.br\/noticias\/wp-json\/wp\/v2\/categories?post=24308"},{"taxonomy":"post_tag","embeddable":true,"href":"https:\/\/blogdorogeriogomes.com.br\/noticias\/wp-json\/wp\/v2\/tags?post=24308"}],"curies":[{"name":"wp","href":"https:\/\/api.w.org\/{rel}","templated":true}]}}