{"id":24311,"date":"2022-02-05T11:24:19","date_gmt":"2022-02-05T11:24:19","guid":{"rendered":"https:\/\/blogdorogeriogomes.com.br\/?p=24311"},"modified":"2022-02-07T14:35:54","modified_gmt":"2022-02-07T14:35:54","slug":"regiao-do-cariri-sera-palco-de-visita-de-bolsonaro-e-sergio-moro-no-inicio-da-semana","status":"publish","type":"post","link":"https:\/\/blogdorogeriogomes.com.br\/noticias\/2022\/02\/regiao-do-cariri-sera-palco-de-visita-de-bolsonaro-e-sergio-moro-no-inicio-da-semana\/","title":{"rendered":"Regi\u00e3o do Cariri ser\u00e1 palco de visita de Bolsonaro e Sergio Moro no in\u00edcio da semana"},"content":{"rendered":"\n<p>Antigos aliados e hoje rivais pol\u00edticos, o presidente Jair Bolsonaro (PL) e o ex-juiz Sergio Moro (Podemos) estar\u00e3o no in\u00edcio da semana na Regi\u00e3o do Cariri. Moro passar\u00e1 por Juazeiro do Norte neste domingo, dia 6 de fevereiro, com direito a ida na est\u00e1tua de Padre C\u00edcero, alvo de pol\u00eamica nas redes sociais, na \u00faltima sexta-feira (Bolsonaro disse em live que o monumento ficava em Pernambuco e chamou assessores nordestinos de &#8220;pau de arara&#8221;). Bolsonaro chega na ter\u00e7a-feira, dia 8, para visita a Jati, onde participa de solenidade de libera\u00e7\u00e3o das \u00e1guas da transposi\u00e7\u00e3o do rio S\u00e3o Francisco para o Cintur\u00e3o das \u00c1guas.<\/p>\n\n\n\n<p>Depois de visitar Juazeiro do Norte, Moro vir\u00e1 para Fortaleza onde deve ficar at\u00e9 a quarta-feira, dia 9 de fevereiro. A agenda pol\u00edtica, organizada pelo senador Lu\u00eds Eduardo Gir\u00e3o, inclui at\u00e9 o lan\u00e7amento de um carta de princ\u00edpios para os crist\u00e3os, com a participa\u00e7\u00e3o de pastores de diversas congrega\u00e7\u00f5es tradicionais, assembleias de Deus e igrejas neopentecostais. Moro vai marcar posi\u00e7\u00e3o contra a flexibiliza\u00e7\u00e3o do aborto e a ideologia de g\u00eanero.<\/p>\n\n\n\n<p>\u00c9 a quinta vez que Bolsonaro vem ao Cear\u00e1. Com altos \u00edndices de rejei\u00e7\u00e3o no Nordeste, o presidente da Rep\u00fablica tenta reverter a situa\u00e7\u00e3o com visitas mais constantes \u00e0 regi\u00e3o. <\/p>\n\n\n\n<p>Mesmo inaugurando obras iniciadas em gest\u00e3o anteriores, como \u00e9 o caso da transposi\u00e7\u00e3o do S\u00e3o Francisco, o ministro do Turismo, Gilson Machado, em visita a Fortaleza, se saiu com essa: &#8220;Nenhum presidente fez o que ele fez pelo nordestino&#8221;. T\u00e1 dif\u00edcil convencer quem mora no Nordeste com essa afirma\u00e7\u00e3o.<\/p>\n\n\n\n<figure class=\"wp-block-image size-large\"><img loading=\"lazy\" decoding=\"async\" width=\"554\" height=\"554\" src=\"https:\/\/blogdorogeriogomes.com.br\/wp-content\/uploads\/2022\/02\/images-47.jpeg\" alt=\"\" class=\"wp-image-24312\" srcset=\"https:\/\/blogdorogeriogomes.com.br\/noticias\/wp-content\/uploads\/2022\/02\/images-47.jpeg 554w, https:\/\/blogdorogeriogomes.com.br\/noticias\/wp-content\/uploads\/2022\/02\/images-47-300x300.jpeg 300w, https:\/\/blogdorogeriogomes.com.br\/noticias\/wp-content\/uploads\/2022\/02\/images-47-150x150.jpeg 150w, https:\/\/blogdorogeriogomes.com.br\/noticias\/wp-content\/uploads\/2022\/02\/images-47-250x250.jpeg 250w\" sizes=\"auto, (max-width: 554px) 100vw, 554px\" \/><\/figure>\n","protected":false},"excerpt":{"rendered":"<p>Antigos aliados e hoje rivais pol\u00edticos, o presidente Jair Bolsonaro (PL) e o ex-juiz Sergio Moro (Podemos) estar\u00e3o no in\u00edcio da semana na Regi\u00e3o do Cariri. Moro passar\u00e1 por Juazeiro do Norte neste domingo, dia 6 de fevereiro, com direito a ida na est\u00e1tua de Padre C\u00edcero, alvo de pol\u00eamica nas redes sociais, na \u00faltima sexta-feira (Bolsonaro disse em live que o monumento ficava em Pernambuco e chamou assessores nordestinos de &#8220;pau de arara&#8221;). Bolsonaro chega na ter\u00e7a-feira, dia&hellip;<\/p>\n","protected":false},"author":1,"featured_media":24312,"comment_status":"open","ping_status":"open","sticky":false,"template":"","format":"standard","meta":{"footnotes":""},"categories":[1],"tags":[],"class_list":["post-24311","post","type-post","status-publish","format-standard","has-post-thumbnail","hentry","category-noticias"],"_links":{"self":[{"href":"https:\/\/blogdorogeriogomes.com.br\/noticias\/wp-json\/wp\/v2\/posts\/24311","targetHints":{"allow":["GET"]}}],"collection":[{"href":"https:\/\/blogdorogeriogomes.com.br\/noticias\/wp-json\/wp\/v2\/posts"}],"about":[{"href":"https:\/\/blogdorogeriogomes.com.br\/noticias\/wp-json\/wp\/v2\/types\/post"}],"author":[{"embeddable":true,"href":"https:\/\/blogdorogeriogomes.com.br\/noticias\/wp-json\/wp\/v2\/users\/1"}],"replies":[{"embeddable":true,"href":"https:\/\/blogdorogeriogomes.com.br\/noticias\/wp-json\/wp\/v2\/comments?post=24311"}],"version-history":[{"count":1,"href":"https:\/\/blogdorogeriogomes.com.br\/noticias\/wp-json\/wp\/v2\/posts\/24311\/revisions"}],"predecessor-version":[{"id":24313,"href":"https:\/\/blogdorogeriogomes.com.br\/noticias\/wp-json\/wp\/v2\/posts\/24311\/revisions\/24313"}],"wp:featuredmedia":[{"embeddable":true,"href":"https:\/\/blogdorogeriogomes.com.br\/noticias\/wp-json\/wp\/v2\/media\/24312"}],"wp:attachment":[{"href":"https:\/\/blogdorogeriogomes.com.br\/noticias\/wp-json\/wp\/v2\/media?parent=24311"}],"wp:term":[{"taxonomy":"category","embeddable":true,"href":"https:\/\/blogdorogeriogomes.com.br\/noticias\/wp-json\/wp\/v2\/categories?post=24311"},{"taxonomy":"post_tag","embeddable":true,"href":"https:\/\/blogdorogeriogomes.com.br\/noticias\/wp-json\/wp\/v2\/tags?post=24311"}],"curies":[{"name":"wp","href":"https:\/\/api.w.org\/{rel}","templated":true}]}}