{"id":24314,"date":"2022-02-07T11:47:21","date_gmt":"2022-02-07T11:47:21","guid":{"rendered":"https:\/\/blogdorogeriogomes.com.br\/?p=24314"},"modified":"2022-02-07T14:35:40","modified_gmt":"2022-02-07T14:35:40","slug":"ceara-recebe-novas-doses-da-pfizer-nesta-segunda-feira","status":"publish","type":"post","link":"https:\/\/blogdorogeriogomes.com.br\/noticias\/2022\/02\/ceara-recebe-novas-doses-da-pfizer-nesta-segunda-feira\/","title":{"rendered":"Cear\u00e1 recebe novas doses da Pfizer nesta segunda-feira"},"content":{"rendered":"\n<p>O Cear\u00e1 recebe nesta segunda-feira, dia 7 de fevereiro, mais 53.820 doses de vacinas da Pfizer, que ser\u00e3o utilizadas para a segunda dose da popula\u00e7\u00e3o a partir de 12 anos. At\u00e9 o momento foram aplicadas 16.251.701 doses em todo o estado.<br>Ao longo do fim de semana, 15.933 crian\u00e7as estavam agendadas para receber a vacina contra a Covid-19 s\u00f3 em Fortaleza. Al\u00e9m do Sesi, o Centro de Eventos do Cear\u00e1 e o Shopping RioMar Kennedy eram pontos de vacina\u00e7\u00e3o infantil. No s\u00e1bado passado, 21 postos de sa\u00fade tamb\u00e9m aguardavam esse p\u00fablico. <\/p>\n\n\n\n<p>A vacina\u00e7\u00e3o do p\u00fablico infantil agora envolve os imunizantes Pfizer e Coronavac.<\/p>\n\n\n\n<figure class=\"wp-block-image size-large\"><img loading=\"lazy\" decoding=\"async\" width=\"800\" height=\"533\" src=\"https:\/\/blogdorogeriogomes.com.br\/wp-content\/uploads\/2022\/02\/IMG-20220118-WA0061.jpg\" alt=\"\" class=\"wp-image-24315\" srcset=\"https:\/\/blogdorogeriogomes.com.br\/noticias\/wp-content\/uploads\/2022\/02\/IMG-20220118-WA0061.jpg 800w, https:\/\/blogdorogeriogomes.com.br\/noticias\/wp-content\/uploads\/2022\/02\/IMG-20220118-WA0061-300x200.jpg 300w, https:\/\/blogdorogeriogomes.com.br\/noticias\/wp-content\/uploads\/2022\/02\/IMG-20220118-WA0061-768x512.jpg 768w\" sizes=\"auto, (max-width: 800px) 100vw, 800px\" \/><\/figure>\n","protected":false},"excerpt":{"rendered":"<p>O Cear\u00e1 recebe nesta segunda-feira, dia 7 de fevereiro, mais 53.820 doses de vacinas da Pfizer, que ser\u00e3o utilizadas para a segunda dose da popula\u00e7\u00e3o a partir de 12 anos. At\u00e9 o momento foram aplicadas 16.251.701 doses em todo o estado.Ao longo do fim de semana, 15.933 crian\u00e7as estavam agendadas para receber a vacina contra a Covid-19 s\u00f3 em Fortaleza. Al\u00e9m do Sesi, o Centro de Eventos do Cear\u00e1 e o Shopping RioMar Kennedy eram pontos de vacina\u00e7\u00e3o infantil.&hellip;<\/p>\n","protected":false},"author":1,"featured_media":24315,"comment_status":"open","ping_status":"open","sticky":false,"template":"","format":"standard","meta":{"footnotes":""},"categories":[1],"tags":[],"class_list":["post-24314","post","type-post","status-publish","format-standard","has-post-thumbnail","hentry","category-noticias"],"_links":{"self":[{"href":"https:\/\/blogdorogeriogomes.com.br\/noticias\/wp-json\/wp\/v2\/posts\/24314","targetHints":{"allow":["GET"]}}],"collection":[{"href":"https:\/\/blogdorogeriogomes.com.br\/noticias\/wp-json\/wp\/v2\/posts"}],"about":[{"href":"https:\/\/blogdorogeriogomes.com.br\/noticias\/wp-json\/wp\/v2\/types\/post"}],"author":[{"embeddable":true,"href":"https:\/\/blogdorogeriogomes.com.br\/noticias\/wp-json\/wp\/v2\/users\/1"}],"replies":[{"embeddable":true,"href":"https:\/\/blogdorogeriogomes.com.br\/noticias\/wp-json\/wp\/v2\/comments?post=24314"}],"version-history":[{"count":1,"href":"https:\/\/blogdorogeriogomes.com.br\/noticias\/wp-json\/wp\/v2\/posts\/24314\/revisions"}],"predecessor-version":[{"id":24316,"href":"https:\/\/blogdorogeriogomes.com.br\/noticias\/wp-json\/wp\/v2\/posts\/24314\/revisions\/24316"}],"wp:featuredmedia":[{"embeddable":true,"href":"https:\/\/blogdorogeriogomes.com.br\/noticias\/wp-json\/wp\/v2\/media\/24315"}],"wp:attachment":[{"href":"https:\/\/blogdorogeriogomes.com.br\/noticias\/wp-json\/wp\/v2\/media?parent=24314"}],"wp:term":[{"taxonomy":"category","embeddable":true,"href":"https:\/\/blogdorogeriogomes.com.br\/noticias\/wp-json\/wp\/v2\/categories?post=24314"},{"taxonomy":"post_tag","embeddable":true,"href":"https:\/\/blogdorogeriogomes.com.br\/noticias\/wp-json\/wp\/v2\/tags?post=24314"}],"curies":[{"name":"wp","href":"https:\/\/api.w.org\/{rel}","templated":true}]}}