{"id":24320,"date":"2022-02-07T20:32:16","date_gmt":"2022-02-07T20:32:16","guid":{"rendered":"https:\/\/blogdorogeriogomes.com.br\/?p=24320"},"modified":"2022-02-07T20:32:18","modified_gmt":"2022-02-07T20:32:18","slug":"executiva-do-pdt-no-ceara-reafirma-desejo-de-alianca-com-pt-e-apoio-a-camilo-para-o-senado","status":"publish","type":"post","link":"https:\/\/blogdorogeriogomes.com.br\/noticias\/2022\/02\/executiva-do-pdt-no-ceara-reafirma-desejo-de-alianca-com-pt-e-apoio-a-camilo-para-o-senado\/","title":{"rendered":"Executiva do PDT no Cear\u00e1 reafirma desejo de alian\u00e7a com PT e apoio a Camilo para o Senado"},"content":{"rendered":"\n<p>A Comiss\u00e3o Executiva Estadual do PDT se reuniu nesta segunda-feira, dia 7 de fevereiro. E as principais diretrizes retiradas do encontro \u00e9 o total apoio \u00e0 candidatura de Ciro Gomes \u00e0 Presid\u00eancia da Rep\u00fablica, o desejo de manuten\u00e7\u00e3o da coliga\u00e7\u00e3o PDT e PT para a disputa estadual de 2022, al\u00e9m do apoio \u00e0 pr\u00e9-candidatura do governador Camilo Santana ao Senado.<\/p>\n\n\n\n<p>&#8220;Camilo personifica uma alian\u00e7a bem-sucedida, que tem beneficiado a popula\u00e7\u00e3o de todo o Cear\u00e1 e tamb\u00e9m de Fortaleza, com avan\u00e7os nas mais diversas \u00e1reas. Estamos certos de que essa uni\u00e3o proporcionar\u00e1 muito mais conquistas. Buscaremos todos os partidos que comp\u00f5em a alian\u00e7a, com a finalidade de fortalecer esse projeto coletivo&#8221;, destacou o prefeito de Fortaleza, Jos\u00e9 Sarto.<\/p>\n\n\n\n<p>Al\u00e9m do presidente estadual do PDT, deputado federal Andr\u00e9 Figueiredo, o encontro contou com as presen\u00e7as do senador Cid Gomes e dos pr\u00e9-candidatos pedetistas ao Governo do Estado: a vice-governadora Izolda Zela; o presidente da Assembleia Legislativa, Evandro Leit\u00e3o; o deputado federal Mauro Filho; e o presidente municipal do PDT, ex-prefeito Roberto Cl\u00e1udio.<\/p>\n\n\n\n<figure class=\"wp-block-image size-large\"><img loading=\"lazy\" decoding=\"async\" width=\"1024\" height=\"684\" src=\"https:\/\/blogdorogeriogomes.com.br\/wp-content\/uploads\/2022\/02\/IMG-20220207-WA0093-1024x684.jpg\" alt=\"\" class=\"wp-image-24321\" srcset=\"https:\/\/blogdorogeriogomes.com.br\/noticias\/wp-content\/uploads\/2022\/02\/IMG-20220207-WA0093-1024x684.jpg 1024w, https:\/\/blogdorogeriogomes.com.br\/noticias\/wp-content\/uploads\/2022\/02\/IMG-20220207-WA0093-300x200.jpg 300w, https:\/\/blogdorogeriogomes.com.br\/noticias\/wp-content\/uploads\/2022\/02\/IMG-20220207-WA0093-768x513.jpg 768w, https:\/\/blogdorogeriogomes.com.br\/noticias\/wp-content\/uploads\/2022\/02\/IMG-20220207-WA0093-800x534.jpg 800w, https:\/\/blogdorogeriogomes.com.br\/noticias\/wp-content\/uploads\/2022\/02\/IMG-20220207-WA0093.jpg 1080w\" sizes=\"auto, (max-width: 1024px) 100vw, 1024px\" \/><\/figure>\n\n\n\n<h1 class=\"wp-block-heading\"><\/h1>\n","protected":false},"excerpt":{"rendered":"<p>A Comiss\u00e3o Executiva Estadual do PDT se reuniu nesta segunda-feira, dia 7 de fevereiro. E as principais diretrizes retiradas do encontro \u00e9 o total apoio \u00e0 candidatura de Ciro Gomes \u00e0 Presid\u00eancia da Rep\u00fablica, o desejo de manuten\u00e7\u00e3o da coliga\u00e7\u00e3o PDT e PT para a disputa estadual de 2022, al\u00e9m do apoio \u00e0 pr\u00e9-candidatura do governador Camilo Santana ao Senado. &#8220;Camilo personifica uma alian\u00e7a bem-sucedida, que tem beneficiado a popula\u00e7\u00e3o de todo o Cear\u00e1 e tamb\u00e9m de Fortaleza, com&hellip;<\/p>\n","protected":false},"author":1,"featured_media":0,"comment_status":"open","ping_status":"open","sticky":false,"template":"","format":"standard","meta":{"footnotes":""},"categories":[1],"tags":[],"class_list":["post-24320","post","type-post","status-publish","format-standard","hentry","category-noticias"],"_links":{"self":[{"href":"https:\/\/blogdorogeriogomes.com.br\/noticias\/wp-json\/wp\/v2\/posts\/24320","targetHints":{"allow":["GET"]}}],"collection":[{"href":"https:\/\/blogdorogeriogomes.com.br\/noticias\/wp-json\/wp\/v2\/posts"}],"about":[{"href":"https:\/\/blogdorogeriogomes.com.br\/noticias\/wp-json\/wp\/v2\/types\/post"}],"author":[{"embeddable":true,"href":"https:\/\/blogdorogeriogomes.com.br\/noticias\/wp-json\/wp\/v2\/users\/1"}],"replies":[{"embeddable":true,"href":"https:\/\/blogdorogeriogomes.com.br\/noticias\/wp-json\/wp\/v2\/comments?post=24320"}],"version-history":[{"count":1,"href":"https:\/\/blogdorogeriogomes.com.br\/noticias\/wp-json\/wp\/v2\/posts\/24320\/revisions"}],"predecessor-version":[{"id":24322,"href":"https:\/\/blogdorogeriogomes.com.br\/noticias\/wp-json\/wp\/v2\/posts\/24320\/revisions\/24322"}],"wp:attachment":[{"href":"https:\/\/blogdorogeriogomes.com.br\/noticias\/wp-json\/wp\/v2\/media?parent=24320"}],"wp:term":[{"taxonomy":"category","embeddable":true,"href":"https:\/\/blogdorogeriogomes.com.br\/noticias\/wp-json\/wp\/v2\/categories?post=24320"},{"taxonomy":"post_tag","embeddable":true,"href":"https:\/\/blogdorogeriogomes.com.br\/noticias\/wp-json\/wp\/v2\/tags?post=24320"}],"curies":[{"name":"wp","href":"https:\/\/api.w.org\/{rel}","templated":true}]}}