{"id":24326,"date":"2022-02-07T23:19:10","date_gmt":"2022-02-07T23:19:10","guid":{"rendered":"https:\/\/blogdorogeriogomes.com.br\/?p=24326"},"modified":"2022-02-08T10:37:55","modified_gmt":"2022-02-08T10:37:55","slug":"grandes-debates-na-al-discute-assistencia-tecnica-em-agropecuaria-no-ceara","status":"publish","type":"post","link":"https:\/\/blogdorogeriogomes.com.br\/noticias\/2022\/02\/grandes-debates-na-al-discute-assistencia-tecnica-em-agropecuaria-no-ceara\/","title":{"rendered":"Grandes Debates na AL discute assist\u00eancia t\u00e9cnica em agropecu\u00e1ria no Cear\u00e1"},"content":{"rendered":"\n<p>\u201cOs desafios da assist\u00eancia t\u00e9cnica em agropecu\u00e1ria no Cear\u00e1\u201d \u00e9 o tema do primeiro \u201cGrandes Debates \u2013 Parlamento Protagonista\u201d do ano. Ter\u00e1 a participa\u00e7\u00e3o do empres\u00e1rio In\u00e1cio Parente, vice-presidente da Federa\u00e7\u00e3o da Agricultura e Pecu\u00e1ria do Estado do Cear\u00e1 (FAEC); do agricultor familiar Raimundo Martins Pereira, presidente da Federa\u00e7\u00e3o dos Trabalhadores Rurais Agricultores e Agricultoras Familiares do Estado do Cear\u00e1 (FETRAECE); do agricultor Ant\u00f4nio Rodrigues de Amorim, presidente da Empresa de Assist\u00eancia T\u00e9cnica e Extens\u00e3o Rural do Cear\u00e1 (EMATERCE) e do deputado estadual Mois\u00e9s Braz, com media\u00e7\u00e3o do jornalista Ruy Lima. O programa ser\u00e1 exibido nesta quarta-feira, dia 9 de fevereiro, a partir das 21h, pela TV Assembleia, R\u00e1dio Assembleia e pelas redes sociais da Casa.<\/p>\n\n\n\n<p>A agricultura constitui historicamente um segmento de grande import\u00e2ncia para a economia nacional e cearense. No desenvolvimento econ\u00f4mico do pa\u00eds, os produtos agr\u00edcolas ocupam papel vital na sustenta\u00e7\u00e3o da economia. Mas, durante s\u00e9culos, as atividades agr\u00edcolas foram realizadas de forma rudimentar, com poucas inova\u00e7\u00f5es tecnol\u00f3gicas, mantidas primordialmente num sistema de produ\u00e7\u00e3o altamente intensivo em m\u00e3o de obra de baixo custo.<\/p>\n\n\n\n<p>A partir da d\u00e9cada de 1960, esse sistema come\u00e7ou a sofrer transforma\u00e7\u00e3o, impulsionado por pol\u00edticas p\u00fablicas que gradativamente introduziram os preceitos da chamada \u201crevolu\u00e7\u00e3o verde\u201d no sistema rural brasileiro. Entre esses preceitos inclu\u00edam-se a incorpora\u00e7\u00e3o da inova\u00e7\u00e3o tecnol\u00f3gica no \u00e2mbito das atividades agropecu\u00e1rias e a difus\u00e3o da inova\u00e7\u00e3o nessas atividades. Grande incentivo foi conferido \u00e0 cria\u00e7\u00e3o de institui\u00e7\u00f5es de pesquisa agropecu\u00e1ria e \u00e0 forma\u00e7\u00e3o de profissionais especializados em \u00e1reas do conhecimento desse campo de atua\u00e7\u00e3o. A Embrapa, por exemplo, foi criada em 1973, com a miss\u00e3o de viabilizar solu\u00e7\u00f5es de pesquisa, desenvolvimento e inova\u00e7\u00e3o para a sustentabilidade da agricultura, em benef\u00edcio da sociedade brasileira.<\/p>\n\n\n\n<p>Apesar das adversidades impostas pelo clima, a economia do sert\u00e3o do Nordeste est\u00e1 ligada diretamente \u00e0 atividade agropecu\u00e1ria. A oferta necess\u00e1ria de \u00e1gua \u00e9 condicionante para o sucesso do plantio, para que todas as etapas de uma lavoura n\u00e3o sejam prejudicadas por falta de umidade. Como essa regi\u00e3o ainda n\u00e3o ingressou em um processo de mecaniza\u00e7\u00e3o e moderniza\u00e7\u00e3o efetiva do campo, a pecu\u00e1ria \u00e9 desenvolvida de forma tradicional ou extensiva. Os animais s\u00e3o criados em extensas \u00e1reas, sem maiores cuidados e se alimentam, quase sempre, de pastagens nativas e n\u00e3o cultivadas, gerando baixa produtividade. Na agricultura, a maior parte da produ\u00e7\u00e3o \u00e9 destinada ao consumo pr\u00f3prio, realidade praticamente em todo o sert\u00e3o, especialmente em pequenas propriedades rurais. A produ\u00e7\u00e3o \u00e9 pequena, com base na agricultura familiar, sem acesso a tantas tecnologias. Em algumas regi\u00f5es do Sert\u00e3o nordestino, como nas encostas das serras e vales fluviais, a maior umidade proporciona condi\u00e7\u00f5es que permitem o desenvolvimento de atividade agr\u00edcola mais diversificada como o cultivo de culturas como milho, feij\u00e3o, arroz e mandioca, al\u00e9m de lavouras com fins comerciais como o algod\u00e3o arb\u00f3reo e a soja.<\/p>\n\n\n\n<p>A cana-de-a\u00e7\u00facar ainda \u00e9 o produto mais importante, principalmente para Para\u00edba, Pernambuco e Alagoas. Soja e cacau se destacam na Bahia. O cultivo de outras produ\u00e7\u00f5es, como caf\u00e9, milho, feij\u00e3o, arroz, banana, algod\u00e3o, sisal, mandioca, coco e castanhas tamb\u00e9m predominam. A cria\u00e7\u00e3o de bovinos \u00e9 forte no Maranh\u00e3o, Piau\u00ed e Bahia. A de caprinos tamb\u00e9m \u00e9 importante, j\u00e1 que esses animais s\u00e3o considerados mais resistentes \u00e0s condi\u00e7\u00f5es clim\u00e1ticas.<\/p>\n\n\n\n<p>As condi\u00e7\u00f5es clim\u00e1ticas foram bastante favor\u00e1veis para a agropecu\u00e1ria do Cear\u00e1, nos \u00faltimos dois anos, com chuva acima da m\u00e9dia e a pandemia n\u00e3o teve grande impacto nas atividades, que acontecem em espa\u00e7o aberto, no campo. Segundo dados do Instituto de Pesquisa e Estrat\u00e9gia Econ\u00f4mica do Cear\u00e1 (IPECE), o estado est\u00e1 no quarto ano consecutivo de crescimento da agropecu\u00e1ria. O crescimento do milho foi de 50% em 2020, se comparado a 2019, e o de feij\u00e3o foi de 13%. Nas hortali\u00e7as, se destacam a produ\u00e7\u00e3o do tomate, com crescimento de 9%.<\/p>\n\n\n\n<p>A fruticultura tamb\u00e9m teve um bom desempenho em 2020, com destaque para o crescimento do maracuj\u00e1 (38%), coco-da-ba\u00eda (34%) e mam\u00e3o (29%). Outras frutas que tamb\u00e9m cresceram, e se destacam principalmente no mercado de exporta\u00e7\u00f5es foram a melancia (17%), o mel\u00e3o (7%) e a banana (6%). As atividades pecu\u00e1rias tamb\u00e9m foram favor\u00e1veis, com aumento principalmente do consumo da carne de ave e ovos.<\/p>\n\n\n\n<figure class=\"wp-block-image size-large\"><img loading=\"lazy\" decoding=\"async\" width=\"678\" height=\"452\" src=\"https:\/\/blogdorogeriogomes.com.br\/wp-content\/uploads\/2022\/02\/images-48.jpeg\" alt=\"\" class=\"wp-image-24327\" srcset=\"https:\/\/blogdorogeriogomes.com.br\/noticias\/wp-content\/uploads\/2022\/02\/images-48.jpeg 678w, https:\/\/blogdorogeriogomes.com.br\/noticias\/wp-content\/uploads\/2022\/02\/images-48-300x200.jpeg 300w\" sizes=\"auto, (max-width: 678px) 100vw, 678px\" \/><\/figure>\n\n\n\n<p><\/p>\n\n\n\n<p><\/p>\n\n\n\n<p><\/p>\n\n\n\n<p><\/p>\n\n\n\n<p><\/p>\n","protected":false},"excerpt":{"rendered":"<p>\u201cOs desafios da assist\u00eancia t\u00e9cnica em agropecu\u00e1ria no Cear\u00e1\u201d \u00e9 o tema do primeiro \u201cGrandes Debates \u2013 Parlamento Protagonista\u201d do ano. Ter\u00e1 a participa\u00e7\u00e3o do empres\u00e1rio In\u00e1cio Parente, vice-presidente da Federa\u00e7\u00e3o da Agricultura e Pecu\u00e1ria do Estado do Cear\u00e1 (FAEC); do agricultor familiar Raimundo Martins Pereira, presidente da Federa\u00e7\u00e3o dos Trabalhadores Rurais Agricultores e Agricultoras Familiares do Estado do Cear\u00e1 (FETRAECE); do agricultor Ant\u00f4nio Rodrigues de Amorim, presidente da Empresa de Assist\u00eancia T\u00e9cnica e Extens\u00e3o Rural do Cear\u00e1 (EMATERCE)&hellip;<\/p>\n","protected":false},"author":1,"featured_media":24327,"comment_status":"open","ping_status":"open","sticky":false,"template":"","format":"standard","meta":{"footnotes":""},"categories":[1],"tags":[],"class_list":["post-24326","post","type-post","status-publish","format-standard","has-post-thumbnail","hentry","category-noticias"],"_links":{"self":[{"href":"https:\/\/blogdorogeriogomes.com.br\/noticias\/wp-json\/wp\/v2\/posts\/24326","targetHints":{"allow":["GET"]}}],"collection":[{"href":"https:\/\/blogdorogeriogomes.com.br\/noticias\/wp-json\/wp\/v2\/posts"}],"about":[{"href":"https:\/\/blogdorogeriogomes.com.br\/noticias\/wp-json\/wp\/v2\/types\/post"}],"author":[{"embeddable":true,"href":"https:\/\/blogdorogeriogomes.com.br\/noticias\/wp-json\/wp\/v2\/users\/1"}],"replies":[{"embeddable":true,"href":"https:\/\/blogdorogeriogomes.com.br\/noticias\/wp-json\/wp\/v2\/comments?post=24326"}],"version-history":[{"count":1,"href":"https:\/\/blogdorogeriogomes.com.br\/noticias\/wp-json\/wp\/v2\/posts\/24326\/revisions"}],"predecessor-version":[{"id":24328,"href":"https:\/\/blogdorogeriogomes.com.br\/noticias\/wp-json\/wp\/v2\/posts\/24326\/revisions\/24328"}],"wp:featuredmedia":[{"embeddable":true,"href":"https:\/\/blogdorogeriogomes.com.br\/noticias\/wp-json\/wp\/v2\/media\/24327"}],"wp:attachment":[{"href":"https:\/\/blogdorogeriogomes.com.br\/noticias\/wp-json\/wp\/v2\/media?parent=24326"}],"wp:term":[{"taxonomy":"category","embeddable":true,"href":"https:\/\/blogdorogeriogomes.com.br\/noticias\/wp-json\/wp\/v2\/categories?post=24326"},{"taxonomy":"post_tag","embeddable":true,"href":"https:\/\/blogdorogeriogomes.com.br\/noticias\/wp-json\/wp\/v2\/tags?post=24326"}],"curies":[{"name":"wp","href":"https:\/\/api.w.org\/{rel}","templated":true}]}}