{"id":24329,"date":"2022-02-08T10:09:54","date_gmt":"2022-02-08T10:09:54","guid":{"rendered":"https:\/\/blogdorogeriogomes.com.br\/?p=24329"},"modified":"2022-02-08T10:37:13","modified_gmt":"2022-02-08T10:37:13","slug":"fortaleza-ganha-novo-ponto-de-vacinacao-contra-a-covid-19-no-centro-da-capital","status":"publish","type":"post","link":"https:\/\/blogdorogeriogomes.com.br\/noticias\/2022\/02\/fortaleza-ganha-novo-ponto-de-vacinacao-contra-a-covid-19-no-centro-da-capital\/","title":{"rendered":"Fortaleza ganha novo ponto de vacina\u00e7\u00e3o contra a Covid-19 no Centro da Capital"},"content":{"rendered":"\n<p>Fortaleza passa a contar com mais um ponto de vacina\u00e7\u00e3o contra a Covid-19: o Shopping Central, no Centro da Capital. O p\u00fablico agendado poder\u00e1 receber a dose das vacinas no local das 9 \u00e0s 17 horas. O espa\u00e7o tem capacidade para atender at\u00e9 500 pessoas por dia.<\/p>\n\n\n\n<p>No primeiro andar, pr\u00f3ximo \u00e0 pra\u00e7a de alimenta\u00e7\u00e3o, haver\u00e1 espa\u00e7os de acolhimento para vacina\u00e7\u00e3o, semelhantes aos disponibilizados nos centros de vacina\u00e7\u00e3o localizados em outros shoppings. O local contar\u00e1 com quatro vacinadores, al\u00e9m da equipe de cadastro e organiza\u00e7\u00e3o.<\/p>\n\n\n\n<p>O novo ponto \u00e9 uma parceria da Secretaria Municipal da Sa\u00fade (SMS) com a C\u00e2mara dos Dirigentes Lojistas de Fortaleza (CDL).<\/p>\n\n\n\n<figure class=\"wp-block-image size-large\"><img loading=\"lazy\" decoding=\"async\" width=\"1024\" height=\"602\" src=\"https:\/\/blogdorogeriogomes.com.br\/wp-content\/uploads\/2022\/02\/04-02-2022-Vacina-IMG_4718-1024x602.jpg\" alt=\"\" class=\"wp-image-24330\" srcset=\"https:\/\/blogdorogeriogomes.com.br\/noticias\/wp-content\/uploads\/2022\/02\/04-02-2022-Vacina-IMG_4718-1024x602.jpg 1024w, https:\/\/blogdorogeriogomes.com.br\/noticias\/wp-content\/uploads\/2022\/02\/04-02-2022-Vacina-IMG_4718-300x176.jpg 300w, https:\/\/blogdorogeriogomes.com.br\/noticias\/wp-content\/uploads\/2022\/02\/04-02-2022-Vacina-IMG_4718-768x451.jpg 768w, https:\/\/blogdorogeriogomes.com.br\/noticias\/wp-content\/uploads\/2022\/02\/04-02-2022-Vacina-IMG_4718-800x470.jpg 800w, https:\/\/blogdorogeriogomes.com.br\/noticias\/wp-content\/uploads\/2022\/02\/04-02-2022-Vacina-IMG_4718.jpg 1280w\" sizes=\"auto, (max-width: 1024px) 100vw, 1024px\" \/><\/figure>\n","protected":false},"excerpt":{"rendered":"<p>Fortaleza passa a contar com mais um ponto de vacina\u00e7\u00e3o contra a Covid-19: o Shopping Central, no Centro da Capital. O p\u00fablico agendado poder\u00e1 receber a dose das vacinas no local das 9 \u00e0s 17 horas. O espa\u00e7o tem capacidade para atender at\u00e9 500 pessoas por dia. No primeiro andar, pr\u00f3ximo \u00e0 pra\u00e7a de alimenta\u00e7\u00e3o, haver\u00e1 espa\u00e7os de acolhimento para vacina\u00e7\u00e3o, semelhantes aos disponibilizados nos centros de vacina\u00e7\u00e3o localizados em outros shoppings. O local contar\u00e1 com quatro vacinadores, al\u00e9m&hellip;<\/p>\n","protected":false},"author":1,"featured_media":24330,"comment_status":"open","ping_status":"open","sticky":false,"template":"","format":"standard","meta":{"footnotes":""},"categories":[1],"tags":[],"class_list":["post-24329","post","type-post","status-publish","format-standard","has-post-thumbnail","hentry","category-noticias"],"_links":{"self":[{"href":"https:\/\/blogdorogeriogomes.com.br\/noticias\/wp-json\/wp\/v2\/posts\/24329","targetHints":{"allow":["GET"]}}],"collection":[{"href":"https:\/\/blogdorogeriogomes.com.br\/noticias\/wp-json\/wp\/v2\/posts"}],"about":[{"href":"https:\/\/blogdorogeriogomes.com.br\/noticias\/wp-json\/wp\/v2\/types\/post"}],"author":[{"embeddable":true,"href":"https:\/\/blogdorogeriogomes.com.br\/noticias\/wp-json\/wp\/v2\/users\/1"}],"replies":[{"embeddable":true,"href":"https:\/\/blogdorogeriogomes.com.br\/noticias\/wp-json\/wp\/v2\/comments?post=24329"}],"version-history":[{"count":1,"href":"https:\/\/blogdorogeriogomes.com.br\/noticias\/wp-json\/wp\/v2\/posts\/24329\/revisions"}],"predecessor-version":[{"id":24331,"href":"https:\/\/blogdorogeriogomes.com.br\/noticias\/wp-json\/wp\/v2\/posts\/24329\/revisions\/24331"}],"wp:featuredmedia":[{"embeddable":true,"href":"https:\/\/blogdorogeriogomes.com.br\/noticias\/wp-json\/wp\/v2\/media\/24330"}],"wp:attachment":[{"href":"https:\/\/blogdorogeriogomes.com.br\/noticias\/wp-json\/wp\/v2\/media?parent=24329"}],"wp:term":[{"taxonomy":"category","embeddable":true,"href":"https:\/\/blogdorogeriogomes.com.br\/noticias\/wp-json\/wp\/v2\/categories?post=24329"},{"taxonomy":"post_tag","embeddable":true,"href":"https:\/\/blogdorogeriogomes.com.br\/noticias\/wp-json\/wp\/v2\/tags?post=24329"}],"curies":[{"name":"wp","href":"https:\/\/api.w.org\/{rel}","templated":true}]}}