{"id":24334,"date":"2022-02-08T10:48:34","date_gmt":"2022-02-08T10:48:34","guid":{"rendered":"https:\/\/blogdorogeriogomes.com.br\/?p=24334"},"modified":"2022-02-09T08:57:29","modified_gmt":"2022-02-09T08:57:29","slug":"acordo-entre-franca-e-haddad-em-sao-paulo-pode-consolidar-chapa-lula-alckmin-para-disputa-presidencial","status":"publish","type":"post","link":"https:\/\/blogdorogeriogomes.com.br\/noticias\/2022\/02\/acordo-entre-franca-e-haddad-em-sao-paulo-pode-consolidar-chapa-lula-alckmin-para-disputa-presidencial\/","title":{"rendered":"Acordo entre Fran\u00e7a e Haddad em S\u00e3o Paulo pode consolidar chapa Lula\/Alckmin para disputa presidencial"},"content":{"rendered":"\n<p>A alian\u00e7a entre PT e PSB para as elei\u00e7\u00f5es deste ano est\u00e1 praticamente consolidada. O que falta fechar \u00e9 a disputa estadual em S\u00e3o Paulo. No maior Estado do Pa\u00eds, os dois partidos querem ter candidato. O PT com o ex-prefeito Fernando Haddad, que aparece melhor posicionado nas pesquisas, e o PSB com M\u00e1rcio Fran\u00e7a.<\/p>\n\n\n\n<p>Em entrevista \u00e0 Globonews, o ex-governador de S\u00e3o Paulo, M\u00e1rcio Fran\u00e7a, disse que &#8220;em maio ou julho&#8221;, o PT e o PSB definir\u00e3o quem ser\u00e1 o candidato da alian\u00e7a entre as duas siglas ao governo de S\u00e3o Paulo. Segundo Fran\u00e7a, o candidato que estiver com melhor desempenho nas pesquisas ser\u00e1 o escolhido.<\/p>\n\n\n\n<p>&#8220;Em julho ou maio, quem estiver na frente \u00e9 o candidato a governador, e o outro vai compor a chapa do jeito que der. (&#8230;) O PT topou, o Lula topou, a Gleisi topou. O Haddad deve vir a topar tamb\u00e9m&#8221;, falou M\u00e1rcio Fran\u00e7a.<\/p>\n\n\n\n<p>O fechamento do acordo entre PT e PSB em S\u00e3o Paulo pode representar a consolida\u00e7\u00e3o da chapa Lula\/Geraldo Alckmin para concorrer \u00e0 Presid\u00eancia da Rep\u00fablica em outubro. Alckmin, que deixou o PSDB no ano passado, aguarda uma defini\u00e7\u00e3o para confirmar sua filia\u00e7\u00e3o ao PSB.<\/p>\n\n\n\n<figure class=\"wp-block-image size-large\"><img loading=\"lazy\" decoding=\"async\" width=\"1024\" height=\"492\" src=\"https:\/\/blogdorogeriogomes.com.br\/wp-content\/uploads\/2022\/02\/20211208111220_2c22e77cc7dca2405b74e391d7e2fea3cf4255cbab2f1e50f5cd0761515370b9-1024x492.jpg\" alt=\"\" class=\"wp-image-24335\" srcset=\"https:\/\/blogdorogeriogomes.com.br\/noticias\/wp-content\/uploads\/2022\/02\/20211208111220_2c22e77cc7dca2405b74e391d7e2fea3cf4255cbab2f1e50f5cd0761515370b9-1024x492.jpg 1024w, https:\/\/blogdorogeriogomes.com.br\/noticias\/wp-content\/uploads\/2022\/02\/20211208111220_2c22e77cc7dca2405b74e391d7e2fea3cf4255cbab2f1e50f5cd0761515370b9-300x144.jpg 300w, https:\/\/blogdorogeriogomes.com.br\/noticias\/wp-content\/uploads\/2022\/02\/20211208111220_2c22e77cc7dca2405b74e391d7e2fea3cf4255cbab2f1e50f5cd0761515370b9-768x369.jpg 768w, https:\/\/blogdorogeriogomes.com.br\/noticias\/wp-content\/uploads\/2022\/02\/20211208111220_2c22e77cc7dca2405b74e391d7e2fea3cf4255cbab2f1e50f5cd0761515370b9-800x384.jpg 800w, https:\/\/blogdorogeriogomes.com.br\/noticias\/wp-content\/uploads\/2022\/02\/20211208111220_2c22e77cc7dca2405b74e391d7e2fea3cf4255cbab2f1e50f5cd0761515370b9.jpg 1250w\" sizes=\"auto, (max-width: 1024px) 100vw, 1024px\" \/><\/figure>\n","protected":false},"excerpt":{"rendered":"<p>A alian\u00e7a entre PT e PSB para as elei\u00e7\u00f5es deste ano est\u00e1 praticamente consolidada. O que falta fechar \u00e9 a disputa estadual em S\u00e3o Paulo. No maior Estado do Pa\u00eds, os dois partidos querem ter candidato. O PT com o ex-prefeito Fernando Haddad, que aparece melhor posicionado nas pesquisas, e o PSB com M\u00e1rcio Fran\u00e7a. Em entrevista \u00e0 Globonews, o ex-governador de S\u00e3o Paulo, M\u00e1rcio Fran\u00e7a, disse que &#8220;em maio ou julho&#8221;, o PT e o PSB definir\u00e3o quem&hellip;<\/p>\n","protected":false},"author":1,"featured_media":24335,"comment_status":"open","ping_status":"open","sticky":false,"template":"","format":"standard","meta":{"footnotes":""},"categories":[1],"tags":[],"class_list":["post-24334","post","type-post","status-publish","format-standard","has-post-thumbnail","hentry","category-noticias"],"_links":{"self":[{"href":"https:\/\/blogdorogeriogomes.com.br\/noticias\/wp-json\/wp\/v2\/posts\/24334","targetHints":{"allow":["GET"]}}],"collection":[{"href":"https:\/\/blogdorogeriogomes.com.br\/noticias\/wp-json\/wp\/v2\/posts"}],"about":[{"href":"https:\/\/blogdorogeriogomes.com.br\/noticias\/wp-json\/wp\/v2\/types\/post"}],"author":[{"embeddable":true,"href":"https:\/\/blogdorogeriogomes.com.br\/noticias\/wp-json\/wp\/v2\/users\/1"}],"replies":[{"embeddable":true,"href":"https:\/\/blogdorogeriogomes.com.br\/noticias\/wp-json\/wp\/v2\/comments?post=24334"}],"version-history":[{"count":1,"href":"https:\/\/blogdorogeriogomes.com.br\/noticias\/wp-json\/wp\/v2\/posts\/24334\/revisions"}],"predecessor-version":[{"id":24336,"href":"https:\/\/blogdorogeriogomes.com.br\/noticias\/wp-json\/wp\/v2\/posts\/24334\/revisions\/24336"}],"wp:featuredmedia":[{"embeddable":true,"href":"https:\/\/blogdorogeriogomes.com.br\/noticias\/wp-json\/wp\/v2\/media\/24335"}],"wp:attachment":[{"href":"https:\/\/blogdorogeriogomes.com.br\/noticias\/wp-json\/wp\/v2\/media?parent=24334"}],"wp:term":[{"taxonomy":"category","embeddable":true,"href":"https:\/\/blogdorogeriogomes.com.br\/noticias\/wp-json\/wp\/v2\/categories?post=24334"},{"taxonomy":"post_tag","embeddable":true,"href":"https:\/\/blogdorogeriogomes.com.br\/noticias\/wp-json\/wp\/v2\/tags?post=24334"}],"curies":[{"name":"wp","href":"https:\/\/api.w.org\/{rel}","templated":true}]}}