{"id":24340,"date":"2022-02-08T23:29:26","date_gmt":"2022-02-08T23:29:26","guid":{"rendered":"https:\/\/blogdorogeriogomes.com.br\/?p=24340"},"modified":"2022-02-09T08:57:01","modified_gmt":"2022-02-09T08:57:01","slug":"sindicato-das-escolas-particulares-no-ceara-confirma-feriado-de-carnaval","status":"publish","type":"post","link":"https:\/\/blogdorogeriogomes.com.br\/noticias\/2022\/02\/sindicato-das-escolas-particulares-no-ceara-confirma-feriado-de-carnaval\/","title":{"rendered":"Sindicato das Escolas Particulares no Cear\u00e1 confirma feriado de Carnaval"},"content":{"rendered":"\n<p>Apesar da decis\u00e3o do Governo do Cear\u00e1 de n\u00e3o dar o ponto facultativo durante o per\u00edodo de Carnaval para os servidores p\u00fablicos e a da recomenda\u00e7\u00e3o para que com\u00e9rcio e industria funcionem normalmente de 26 de fevereiro a 1\u00b0 de mar\u00e7o (per\u00edodo do Carnaval), o Sindicato dos Estabelecimentos de Educa\u00e7\u00e3o e Ensino da Livre Iniciativa do Estado do Cear\u00e1 (Sinepe-CE) comunicou que o calend\u00e1rio escolar das institui\u00e7\u00f5es de ensino privado manter\u00e1 o feriado do Carnaval de 2022.<\/p>\n\n\n\n<p>As aulas em escolas p\u00fablicas da rede estadual&nbsp;acontecem normalmente, como informou a Secretaria da Educa\u00e7\u00e3o do Cear\u00e1 (Seduc).&nbsp;Os estudantes da rede p\u00fablica municipal de Fortaleza tamb\u00e9m devem assistir \u00e0s aulas durante o per\u00edodo, conforme a Secretaria Municipal da Educa\u00e7\u00e3o (SME).<\/p>\n\n\n\n<figure class=\"wp-block-image size-large\"><img loading=\"lazy\" decoding=\"async\" width=\"682\" height=\"1024\" src=\"https:\/\/blogdorogeriogomes.com.br\/wp-content\/uploads\/2022\/02\/Ensino-682x1024.jpeg\" alt=\"\" class=\"wp-image-24341\" srcset=\"https:\/\/blogdorogeriogomes.com.br\/noticias\/wp-content\/uploads\/2022\/02\/Ensino-682x1024.jpeg 682w, https:\/\/blogdorogeriogomes.com.br\/noticias\/wp-content\/uploads\/2022\/02\/Ensino-200x300.jpeg 200w, https:\/\/blogdorogeriogomes.com.br\/noticias\/wp-content\/uploads\/2022\/02\/Ensino-768x1152.jpeg 768w, https:\/\/blogdorogeriogomes.com.br\/noticias\/wp-content\/uploads\/2022\/02\/Ensino-800x1200.jpeg 800w, https:\/\/blogdorogeriogomes.com.br\/noticias\/wp-content\/uploads\/2022\/02\/Ensino.jpeg 853w\" sizes=\"auto, (max-width: 682px) 100vw, 682px\" \/><\/figure>\n","protected":false},"excerpt":{"rendered":"<p>Apesar da decis\u00e3o do Governo do Cear\u00e1 de n\u00e3o dar o ponto facultativo durante o per\u00edodo de Carnaval para os servidores p\u00fablicos e a da recomenda\u00e7\u00e3o para que com\u00e9rcio e industria funcionem normalmente de 26 de fevereiro a 1\u00b0 de mar\u00e7o (per\u00edodo do Carnaval), o Sindicato dos Estabelecimentos de Educa\u00e7\u00e3o e Ensino da Livre Iniciativa do Estado do Cear\u00e1 (Sinepe-CE) comunicou que o calend\u00e1rio escolar das institui\u00e7\u00f5es de ensino privado manter\u00e1 o feriado do Carnaval de 2022. As aulas&hellip;<\/p>\n","protected":false},"author":1,"featured_media":24341,"comment_status":"open","ping_status":"open","sticky":false,"template":"","format":"standard","meta":{"footnotes":""},"categories":[1],"tags":[],"class_list":["post-24340","post","type-post","status-publish","format-standard","has-post-thumbnail","hentry","category-noticias"],"_links":{"self":[{"href":"https:\/\/blogdorogeriogomes.com.br\/noticias\/wp-json\/wp\/v2\/posts\/24340","targetHints":{"allow":["GET"]}}],"collection":[{"href":"https:\/\/blogdorogeriogomes.com.br\/noticias\/wp-json\/wp\/v2\/posts"}],"about":[{"href":"https:\/\/blogdorogeriogomes.com.br\/noticias\/wp-json\/wp\/v2\/types\/post"}],"author":[{"embeddable":true,"href":"https:\/\/blogdorogeriogomes.com.br\/noticias\/wp-json\/wp\/v2\/users\/1"}],"replies":[{"embeddable":true,"href":"https:\/\/blogdorogeriogomes.com.br\/noticias\/wp-json\/wp\/v2\/comments?post=24340"}],"version-history":[{"count":2,"href":"https:\/\/blogdorogeriogomes.com.br\/noticias\/wp-json\/wp\/v2\/posts\/24340\/revisions"}],"predecessor-version":[{"id":24343,"href":"https:\/\/blogdorogeriogomes.com.br\/noticias\/wp-json\/wp\/v2\/posts\/24340\/revisions\/24343"}],"wp:featuredmedia":[{"embeddable":true,"href":"https:\/\/blogdorogeriogomes.com.br\/noticias\/wp-json\/wp\/v2\/media\/24341"}],"wp:attachment":[{"href":"https:\/\/blogdorogeriogomes.com.br\/noticias\/wp-json\/wp\/v2\/media?parent=24340"}],"wp:term":[{"taxonomy":"category","embeddable":true,"href":"https:\/\/blogdorogeriogomes.com.br\/noticias\/wp-json\/wp\/v2\/categories?post=24340"},{"taxonomy":"post_tag","embeddable":true,"href":"https:\/\/blogdorogeriogomes.com.br\/noticias\/wp-json\/wp\/v2\/tags?post=24340"}],"curies":[{"name":"wp","href":"https:\/\/api.w.org\/{rel}","templated":true}]}}