{"id":24346,"date":"2022-02-09T10:30:14","date_gmt":"2022-02-09T10:30:14","guid":{"rendered":"https:\/\/blogdorogeriogomes.com.br\/?p=24346"},"modified":"2022-02-10T12:01:17","modified_gmt":"2022-02-10T12:01:17","slug":"passagem-de-bolsonaro-e-moro-pelo-ceara-atica-a-direita-e-acena-quem-vai-apoiar-quem-em-outubro","status":"publish","type":"post","link":"https:\/\/blogdorogeriogomes.com.br\/noticias\/2022\/02\/passagem-de-bolsonaro-e-moro-pelo-ceara-atica-a-direita-e-acena-quem-vai-apoiar-quem-em-outubro\/","title":{"rendered":"Passagem de Bolsonaro e Moro pelo Cear\u00e1 ati\u00e7a a direita e acena quem vai apoiar quem em outubro"},"content":{"rendered":"\n<p>A passagem do presidente Jair Bolsonaro (PL) e do ex-juiz Sergio Moro (Podemos) pelo Cear\u00e1, nesta ter\u00e7a-feira, dia 8 de fevereiro, ati\u00e7ou os partidos de direita e come\u00e7a a desenhar quem vai ficar com quem na campanha presidencial deste ano. Bolsonaro esteve em Jati, na regi\u00e3o do Cariri, na companhia do pr\u00e9 candidato ao Governo do Estado, Capit\u00e3o Wagner (Pros), que teve a coragem de chamar o presidente de &#8220;estadista&#8221;. A Wagner n\u00e3o resta muita alternativa sen\u00e3o ficar na defesa do Governo Federal para buscar apoio na corrida eleitoral de 2020.<\/p>\n\n\n\n<p>Por outro lado, Sergio Moro desfilou por meios de comunica\u00e7\u00e3o de Fortaleza durante toda a ter\u00e7a-feira concedendo entrevistas. Seu principal anfitri\u00e3o foi o senador Lu\u00eds Eduardo Gir\u00e3o (Podemos), que defendeu com &#8220;unhas e dentes&#8221; a pol\u00edtica do Governo Bolsonaro na CPI da Covid. No entanto, agora, aponta &#8220;erros e acertos&#8221; do atual presidente e diz que vai com Sergio Moro para a campanha presidencial. O lema principal j\u00e1 se sabe: &#8220;o combate a corrup\u00e7\u00e3o&#8221;.  A ordem agora \u00e9 descolar de Bolsonaro, que virou &#8220;inimigo&#8221; do ex-ministro da Justi\u00e7a, Sergio Moro.<\/p>\n\n\n\n<p>Vale s\u00f3 lembrar que no atual Governo sobram den\u00fancias envolvendo a Fam\u00edlia Bolsonaro, sob o sil\u00eancio absoluto dos aliados de ocasi\u00e3o.<\/p>\n\n\n\n<figure class=\"wp-block-image size-large\"><img loading=\"lazy\" decoding=\"async\" width=\"506\" height=\"360\" src=\"https:\/\/blogdorogeriogomes.com.br\/wp-content\/uploads\/2022\/02\/1_bolsonaro_capitao_wagner_foto_aurelio_alves_opovo-18071071.jpg\" alt=\"\" class=\"wp-image-24347\" srcset=\"https:\/\/blogdorogeriogomes.com.br\/noticias\/wp-content\/uploads\/2022\/02\/1_bolsonaro_capitao_wagner_foto_aurelio_alves_opovo-18071071.jpg 506w, https:\/\/blogdorogeriogomes.com.br\/noticias\/wp-content\/uploads\/2022\/02\/1_bolsonaro_capitao_wagner_foto_aurelio_alves_opovo-18071071-300x213.jpg 300w\" sizes=\"auto, (max-width: 506px) 100vw, 506px\" \/><\/figure>\n","protected":false},"excerpt":{"rendered":"<p>A passagem do presidente Jair Bolsonaro (PL) e do ex-juiz Sergio Moro (Podemos) pelo Cear\u00e1, nesta ter\u00e7a-feira, dia 8 de fevereiro, ati\u00e7ou os partidos de direita e come\u00e7a a desenhar quem vai ficar com quem na campanha presidencial deste ano. Bolsonaro esteve em Jati, na regi\u00e3o do Cariri, na companhia do pr\u00e9 candidato ao Governo do Estado, Capit\u00e3o Wagner (Pros), que teve a coragem de chamar o presidente de &#8220;estadista&#8221;. A Wagner n\u00e3o resta muita alternativa sen\u00e3o ficar na&hellip;<\/p>\n","protected":false},"author":1,"featured_media":24347,"comment_status":"open","ping_status":"open","sticky":false,"template":"","format":"standard","meta":{"footnotes":""},"categories":[1],"tags":[],"class_list":["post-24346","post","type-post","status-publish","format-standard","has-post-thumbnail","hentry","category-noticias"],"_links":{"self":[{"href":"https:\/\/blogdorogeriogomes.com.br\/noticias\/wp-json\/wp\/v2\/posts\/24346","targetHints":{"allow":["GET"]}}],"collection":[{"href":"https:\/\/blogdorogeriogomes.com.br\/noticias\/wp-json\/wp\/v2\/posts"}],"about":[{"href":"https:\/\/blogdorogeriogomes.com.br\/noticias\/wp-json\/wp\/v2\/types\/post"}],"author":[{"embeddable":true,"href":"https:\/\/blogdorogeriogomes.com.br\/noticias\/wp-json\/wp\/v2\/users\/1"}],"replies":[{"embeddable":true,"href":"https:\/\/blogdorogeriogomes.com.br\/noticias\/wp-json\/wp\/v2\/comments?post=24346"}],"version-history":[{"count":1,"href":"https:\/\/blogdorogeriogomes.com.br\/noticias\/wp-json\/wp\/v2\/posts\/24346\/revisions"}],"predecessor-version":[{"id":24348,"href":"https:\/\/blogdorogeriogomes.com.br\/noticias\/wp-json\/wp\/v2\/posts\/24346\/revisions\/24348"}],"wp:featuredmedia":[{"embeddable":true,"href":"https:\/\/blogdorogeriogomes.com.br\/noticias\/wp-json\/wp\/v2\/media\/24347"}],"wp:attachment":[{"href":"https:\/\/blogdorogeriogomes.com.br\/noticias\/wp-json\/wp\/v2\/media?parent=24346"}],"wp:term":[{"taxonomy":"category","embeddable":true,"href":"https:\/\/blogdorogeriogomes.com.br\/noticias\/wp-json\/wp\/v2\/categories?post=24346"},{"taxonomy":"post_tag","embeddable":true,"href":"https:\/\/blogdorogeriogomes.com.br\/noticias\/wp-json\/wp\/v2\/tags?post=24346"}],"curies":[{"name":"wp","href":"https:\/\/api.w.org\/{rel}","templated":true}]}}