{"id":24352,"date":"2022-02-09T22:44:43","date_gmt":"2022-02-09T22:44:43","guid":{"rendered":"https:\/\/blogdorogeriogomes.com.br\/?p=24352"},"modified":"2022-02-10T12:00:49","modified_gmt":"2022-02-10T12:00:49","slug":"aguas-do-rio-sao-francisco-devem-comecar-a-chegar-no-castanhao-no-prazo-de-20-dias","status":"publish","type":"post","link":"https:\/\/blogdorogeriogomes.com.br\/noticias\/2022\/02\/aguas-do-rio-sao-francisco-devem-comecar-a-chegar-no-castanhao-no-prazo-de-20-dias\/","title":{"rendered":"\u00c1guas do rio S\u00e3o Francisco devem come\u00e7ar a chegar no Castanh\u00e3o no prazo de 20 dias"},"content":{"rendered":"\n<p>A previs\u00e3o da Secretaria de Recursos H\u00eddricos \u00e9 que ap\u00f3s a libera\u00e7\u00e3o da comporta do Cintur\u00e3o das \u00c1guas do Cear\u00e1, em Miss\u00e3o Velha, na regi\u00e3o do Cariri, a \u00e1gua da transposi\u00e7\u00e3o do rio S\u00e3o Francisco deve come\u00e7ar a chegar no a\u00e7ude Castanh\u00e3o, em Alto Santo, no prazo de 20 dias. O reservat\u00f3rio \u00e9 o maior do Cear\u00e1 e \u00e9 respons\u00e1vel pelo abastecimento da Regi\u00e3o Metropolitana de Fortaleza. A trajet\u00f3ria do Cintur\u00e3o das \u00c1guas segue pelo riacho Seco, rio Salgado, rio Jaguaribe e entra no Castanh\u00e3o.<\/p>\n\n\n\n<p>As \u00e1guas vindas do S\u00e3o Francisco v\u00e3o percorrer um total de 300 km depois que entram no Cear\u00e1 at\u00e9 o a\u00e7ude Castanh\u00e3o. De acordo com o secret\u00e1rio dos Recursos H\u00eddricos, Francisco Teixeira, a transfer\u00eancia de \u00e1gua durante o primeiro semestre \u00e9 uma estrat\u00e9gia da gest\u00e3o h\u00eddrica para obter melhores resultados e garantir abastecimento a quase 5 milh\u00f5es de pessoas.<\/p>\n\n\n\n<figure class=\"wp-block-image size-large\"><img loading=\"lazy\" decoding=\"async\" width=\"984\" height=\"736\" src=\"https:\/\/blogdorogeriogomes.com.br\/wp-content\/uploads\/2022\/02\/img-20220209-wa0112-1.jpg\" alt=\"\" class=\"wp-image-24353\" srcset=\"https:\/\/blogdorogeriogomes.com.br\/noticias\/wp-content\/uploads\/2022\/02\/img-20220209-wa0112-1.jpg 984w, https:\/\/blogdorogeriogomes.com.br\/noticias\/wp-content\/uploads\/2022\/02\/img-20220209-wa0112-1-300x224.jpg 300w, https:\/\/blogdorogeriogomes.com.br\/noticias\/wp-content\/uploads\/2022\/02\/img-20220209-wa0112-1-768x574.jpg 768w, https:\/\/blogdorogeriogomes.com.br\/noticias\/wp-content\/uploads\/2022\/02\/img-20220209-wa0112-1-800x598.jpg 800w, https:\/\/blogdorogeriogomes.com.br\/noticias\/wp-content\/uploads\/2022\/02\/img-20220209-wa0112-1-400x300.jpg 400w\" sizes=\"auto, (max-width: 984px) 100vw, 984px\" \/><\/figure>\n","protected":false},"excerpt":{"rendered":"<p>A previs\u00e3o da Secretaria de Recursos H\u00eddricos \u00e9 que ap\u00f3s a libera\u00e7\u00e3o da comporta do Cintur\u00e3o das \u00c1guas do Cear\u00e1, em Miss\u00e3o Velha, na regi\u00e3o do Cariri, a \u00e1gua da transposi\u00e7\u00e3o do rio S\u00e3o Francisco deve come\u00e7ar a chegar no a\u00e7ude Castanh\u00e3o, em Alto Santo, no prazo de 20 dias. O reservat\u00f3rio \u00e9 o maior do Cear\u00e1 e \u00e9 respons\u00e1vel pelo abastecimento da Regi\u00e3o Metropolitana de Fortaleza. A trajet\u00f3ria do Cintur\u00e3o das \u00c1guas segue pelo riacho Seco, rio Salgado,&hellip;<\/p>\n","protected":false},"author":1,"featured_media":24353,"comment_status":"open","ping_status":"open","sticky":false,"template":"","format":"standard","meta":{"footnotes":""},"categories":[1],"tags":[],"class_list":["post-24352","post","type-post","status-publish","format-standard","has-post-thumbnail","hentry","category-noticias"],"_links":{"self":[{"href":"https:\/\/blogdorogeriogomes.com.br\/noticias\/wp-json\/wp\/v2\/posts\/24352","targetHints":{"allow":["GET"]}}],"collection":[{"href":"https:\/\/blogdorogeriogomes.com.br\/noticias\/wp-json\/wp\/v2\/posts"}],"about":[{"href":"https:\/\/blogdorogeriogomes.com.br\/noticias\/wp-json\/wp\/v2\/types\/post"}],"author":[{"embeddable":true,"href":"https:\/\/blogdorogeriogomes.com.br\/noticias\/wp-json\/wp\/v2\/users\/1"}],"replies":[{"embeddable":true,"href":"https:\/\/blogdorogeriogomes.com.br\/noticias\/wp-json\/wp\/v2\/comments?post=24352"}],"version-history":[{"count":1,"href":"https:\/\/blogdorogeriogomes.com.br\/noticias\/wp-json\/wp\/v2\/posts\/24352\/revisions"}],"predecessor-version":[{"id":24354,"href":"https:\/\/blogdorogeriogomes.com.br\/noticias\/wp-json\/wp\/v2\/posts\/24352\/revisions\/24354"}],"wp:featuredmedia":[{"embeddable":true,"href":"https:\/\/blogdorogeriogomes.com.br\/noticias\/wp-json\/wp\/v2\/media\/24353"}],"wp:attachment":[{"href":"https:\/\/blogdorogeriogomes.com.br\/noticias\/wp-json\/wp\/v2\/media?parent=24352"}],"wp:term":[{"taxonomy":"category","embeddable":true,"href":"https:\/\/blogdorogeriogomes.com.br\/noticias\/wp-json\/wp\/v2\/categories?post=24352"},{"taxonomy":"post_tag","embeddable":true,"href":"https:\/\/blogdorogeriogomes.com.br\/noticias\/wp-json\/wp\/v2\/tags?post=24352"}],"curies":[{"name":"wp","href":"https:\/\/api.w.org\/{rel}","templated":true}]}}