{"id":24355,"date":"2022-02-09T22:55:32","date_gmt":"2022-02-09T22:55:32","guid":{"rendered":"https:\/\/blogdorogeriogomes.com.br\/?p=24355"},"modified":"2022-02-10T12:00:40","modified_gmt":"2022-02-10T12:00:40","slug":"governo-do-ceara-tambem-confirma-reajuste-de-3334-para-professores-da-rede-estadual","status":"publish","type":"post","link":"https:\/\/blogdorogeriogomes.com.br\/noticias\/2022\/02\/governo-do-ceara-tambem-confirma-reajuste-de-3334-para-professores-da-rede-estadual\/","title":{"rendered":"Governo do Cear\u00e1 tamb\u00e9m confirma reajuste de 33,34% para professores da rede estadual"},"content":{"rendered":"\n<p>O Governo do Cear\u00e1, atrav\u00e9s da Secretaria de Educa\u00e7\u00e3o do Estado, confirmou o reajuste de 33,34% relativo ao Piso do Magist\u00e9rio 2022, que ser\u00e1 concedido aos professores da rede p\u00fablica estadual de ensino. O reajuste \u00e9 retroativo a janeiro de 2022. A mensagem que regulamentar\u00e1 a medida ser\u00e1 enviada \u00e0 Assembleia Legislativa para vota\u00e7\u00e3o.<\/p>\n\n\n\n<p>O governador Camilo Santana ressaltou que o reajuste vai beneficiar professores ativos, aposentados, pensionistas e tempor\u00e1rios. \u201cO Cear\u00e1, que \u00e9 refer\u00eancia na valoriza\u00e7\u00e3o dos educadores, tem a melhor carreira do Pa\u00eds no magist\u00e9rio. No m\u00eas passado, j\u00e1 hav\u00edamos realizado o pagamento do rateio do Fundeb, beneficiando mais de 32 mil profissionais da \u00e1rea com uma folha salarial extra\u201d, afirmou.<\/p>\n\n\n\n<figure class=\"wp-block-image size-large\"><img loading=\"lazy\" decoding=\"async\" width=\"1024\" height=\"683\" src=\"https:\/\/blogdorogeriogomes.com.br\/wp-content\/uploads\/2022\/02\/220207_4_-EEFM-PQ-PRES-VARGAS_TF7153-1200x800-1-1024x683.jpg\" alt=\"\" class=\"wp-image-24356\" srcset=\"https:\/\/blogdorogeriogomes.com.br\/noticias\/wp-content\/uploads\/2022\/02\/220207_4_-EEFM-PQ-PRES-VARGAS_TF7153-1200x800-1-1024x683.jpg 1024w, https:\/\/blogdorogeriogomes.com.br\/noticias\/wp-content\/uploads\/2022\/02\/220207_4_-EEFM-PQ-PRES-VARGAS_TF7153-1200x800-1-300x200.jpg 300w, https:\/\/blogdorogeriogomes.com.br\/noticias\/wp-content\/uploads\/2022\/02\/220207_4_-EEFM-PQ-PRES-VARGAS_TF7153-1200x800-1-768x512.jpg 768w, https:\/\/blogdorogeriogomes.com.br\/noticias\/wp-content\/uploads\/2022\/02\/220207_4_-EEFM-PQ-PRES-VARGAS_TF7153-1200x800-1-800x533.jpg 800w, https:\/\/blogdorogeriogomes.com.br\/noticias\/wp-content\/uploads\/2022\/02\/220207_4_-EEFM-PQ-PRES-VARGAS_TF7153-1200x800-1.jpg 1200w\" sizes=\"auto, (max-width: 1024px) 100vw, 1024px\" \/><\/figure>\n","protected":false},"excerpt":{"rendered":"<p>O Governo do Cear\u00e1, atrav\u00e9s da Secretaria de Educa\u00e7\u00e3o do Estado, confirmou o reajuste de 33,34% relativo ao Piso do Magist\u00e9rio 2022, que ser\u00e1 concedido aos professores da rede p\u00fablica estadual de ensino. O reajuste \u00e9 retroativo a janeiro de 2022. A mensagem que regulamentar\u00e1 a medida ser\u00e1 enviada \u00e0 Assembleia Legislativa para vota\u00e7\u00e3o. O governador Camilo Santana ressaltou que o reajuste vai beneficiar professores ativos, aposentados, pensionistas e tempor\u00e1rios. \u201cO Cear\u00e1, que \u00e9 refer\u00eancia na valoriza\u00e7\u00e3o dos educadores,&hellip;<\/p>\n","protected":false},"author":1,"featured_media":24356,"comment_status":"open","ping_status":"open","sticky":false,"template":"","format":"standard","meta":{"footnotes":""},"categories":[1],"tags":[],"class_list":["post-24355","post","type-post","status-publish","format-standard","has-post-thumbnail","hentry","category-noticias"],"_links":{"self":[{"href":"https:\/\/blogdorogeriogomes.com.br\/noticias\/wp-json\/wp\/v2\/posts\/24355","targetHints":{"allow":["GET"]}}],"collection":[{"href":"https:\/\/blogdorogeriogomes.com.br\/noticias\/wp-json\/wp\/v2\/posts"}],"about":[{"href":"https:\/\/blogdorogeriogomes.com.br\/noticias\/wp-json\/wp\/v2\/types\/post"}],"author":[{"embeddable":true,"href":"https:\/\/blogdorogeriogomes.com.br\/noticias\/wp-json\/wp\/v2\/users\/1"}],"replies":[{"embeddable":true,"href":"https:\/\/blogdorogeriogomes.com.br\/noticias\/wp-json\/wp\/v2\/comments?post=24355"}],"version-history":[{"count":1,"href":"https:\/\/blogdorogeriogomes.com.br\/noticias\/wp-json\/wp\/v2\/posts\/24355\/revisions"}],"predecessor-version":[{"id":24357,"href":"https:\/\/blogdorogeriogomes.com.br\/noticias\/wp-json\/wp\/v2\/posts\/24355\/revisions\/24357"}],"wp:featuredmedia":[{"embeddable":true,"href":"https:\/\/blogdorogeriogomes.com.br\/noticias\/wp-json\/wp\/v2\/media\/24356"}],"wp:attachment":[{"href":"https:\/\/blogdorogeriogomes.com.br\/noticias\/wp-json\/wp\/v2\/media?parent=24355"}],"wp:term":[{"taxonomy":"category","embeddable":true,"href":"https:\/\/blogdorogeriogomes.com.br\/noticias\/wp-json\/wp\/v2\/categories?post=24355"},{"taxonomy":"post_tag","embeddable":true,"href":"https:\/\/blogdorogeriogomes.com.br\/noticias\/wp-json\/wp\/v2\/tags?post=24355"}],"curies":[{"name":"wp","href":"https:\/\/api.w.org\/{rel}","templated":true}]}}