{"id":24366,"date":"2022-02-10T19:09:15","date_gmt":"2022-02-10T19:09:15","guid":{"rendered":"https:\/\/blogdorogeriogomes.com.br\/?p=24366"},"modified":"2022-02-11T10:29:35","modified_gmt":"2022-02-11T10:29:35","slug":"camilo-reune-ex-governadores-em-solenidade-de-ampliacao-do-porto-do-pecem","status":"publish","type":"post","link":"https:\/\/blogdorogeriogomes.com.br\/noticias\/2022\/02\/camilo-reune-ex-governadores-em-solenidade-de-ampliacao-do-porto-do-pecem\/","title":{"rendered":"Camilo re\u00fane ex-governadores em solenidade de amplia\u00e7\u00e3o do Porto do Pec\u00e9m"},"content":{"rendered":"\n<p>O governador Camilo Santana (PT) reuniu ex-governadores do Cear\u00e1 na solenidade de amplia\u00e7\u00e3o da capacidade operacional do Porto do Pec\u00e9m, em S\u00e3o Gon\u00e7alo do Amarante, nesta quinta-feira, dia 10 de fevereiro. Estiveram presentes no evento o senador e ex-governador Tasso Jereissati (PSDB), o ex-ministro e ex-governador Ciro Gomes (PDT) e o senador e ex-governador Cid Gomes (PDT). Os tr\u00eas foram homenageados pelo seus esfor\u00e7os na expans\u00e3o do Complexo Portu\u00e1rio do Pec\u00e9m.<\/p>\n\n\n\n<p>O Porto do Pec\u00e9m agora conta um novo port\u00e3o de acesso, uma nova ponte para os p\u00ederes, al\u00e9m de novo ber\u00e7o de atraca\u00e7\u00e3o. Para isso, o Governo do Cear\u00e1 investiu cerca de R$ 772,8 milh\u00f5es nas obras.<\/p>\n\n\n\n<p>O porto integra Complexo Industrial e Portu\u00e1rio do Pec\u00e9m, um empreendimento conjunto formado pelo Governo do Cear\u00e1 e pelo Porto de Roterd\u00e3, o maior da Europa. O CIPP \u00e9 composto ainda por \u00e1rea industrial e ZPE.<\/p>\n\n\n\n<p>Em 2021, o terminal portu\u00e1rio cearense superou, pela primeira vez na sua hist\u00f3ria, a marca de 20 milh\u00f5es de toneladas movimentadas. Ao todo, entre janeiro e dezembro do ano passado, mais de 22,41 mil toneladas passaram pelo terminal portu\u00e1rio cearense, um crescimento de 40,7% em rela\u00e7\u00e3o ao mesmo per\u00edodo de 2020, o que representou um recorde absoluto para o setor portu\u00e1rio cearense.<\/p>\n\n\n\n<figure class=\"wp-block-image size-large\"><img loading=\"lazy\" decoding=\"async\" width=\"600\" height=\"437\" src=\"https:\/\/blogdorogeriogomes.com.br\/wp-content\/uploads\/2022\/02\/220210_INAUG-SEG-EXPANSAO-P-PECEM_HS4337-1-1200x8002-1.jpg\" alt=\"\" class=\"wp-image-24367\" srcset=\"https:\/\/blogdorogeriogomes.com.br\/noticias\/wp-content\/uploads\/2022\/02\/220210_INAUG-SEG-EXPANSAO-P-PECEM_HS4337-1-1200x8002-1.jpg 600w, https:\/\/blogdorogeriogomes.com.br\/noticias\/wp-content\/uploads\/2022\/02\/220210_INAUG-SEG-EXPANSAO-P-PECEM_HS4337-1-1200x8002-1-300x219.jpg 300w\" sizes=\"auto, (max-width: 600px) 100vw, 600px\" \/><\/figure>\n\n\n\n<p><\/p>\n","protected":false},"excerpt":{"rendered":"<p>O governador Camilo Santana (PT) reuniu ex-governadores do Cear\u00e1 na solenidade de amplia\u00e7\u00e3o da capacidade operacional do Porto do Pec\u00e9m, em S\u00e3o Gon\u00e7alo do Amarante, nesta quinta-feira, dia 10 de fevereiro. Estiveram presentes no evento o senador e ex-governador Tasso Jereissati (PSDB), o ex-ministro e ex-governador Ciro Gomes (PDT) e o senador e ex-governador Cid Gomes (PDT). Os tr\u00eas foram homenageados pelo seus esfor\u00e7os na expans\u00e3o do Complexo Portu\u00e1rio do Pec\u00e9m. O Porto do Pec\u00e9m agora conta um novo&hellip;<\/p>\n","protected":false},"author":1,"featured_media":24367,"comment_status":"open","ping_status":"open","sticky":false,"template":"","format":"standard","meta":{"footnotes":""},"categories":[1],"tags":[],"class_list":["post-24366","post","type-post","status-publish","format-standard","has-post-thumbnail","hentry","category-noticias"],"_links":{"self":[{"href":"https:\/\/blogdorogeriogomes.com.br\/noticias\/wp-json\/wp\/v2\/posts\/24366","targetHints":{"allow":["GET"]}}],"collection":[{"href":"https:\/\/blogdorogeriogomes.com.br\/noticias\/wp-json\/wp\/v2\/posts"}],"about":[{"href":"https:\/\/blogdorogeriogomes.com.br\/noticias\/wp-json\/wp\/v2\/types\/post"}],"author":[{"embeddable":true,"href":"https:\/\/blogdorogeriogomes.com.br\/noticias\/wp-json\/wp\/v2\/users\/1"}],"replies":[{"embeddable":true,"href":"https:\/\/blogdorogeriogomes.com.br\/noticias\/wp-json\/wp\/v2\/comments?post=24366"}],"version-history":[{"count":1,"href":"https:\/\/blogdorogeriogomes.com.br\/noticias\/wp-json\/wp\/v2\/posts\/24366\/revisions"}],"predecessor-version":[{"id":24368,"href":"https:\/\/blogdorogeriogomes.com.br\/noticias\/wp-json\/wp\/v2\/posts\/24366\/revisions\/24368"}],"wp:featuredmedia":[{"embeddable":true,"href":"https:\/\/blogdorogeriogomes.com.br\/noticias\/wp-json\/wp\/v2\/media\/24367"}],"wp:attachment":[{"href":"https:\/\/blogdorogeriogomes.com.br\/noticias\/wp-json\/wp\/v2\/media?parent=24366"}],"wp:term":[{"taxonomy":"category","embeddable":true,"href":"https:\/\/blogdorogeriogomes.com.br\/noticias\/wp-json\/wp\/v2\/categories?post=24366"},{"taxonomy":"post_tag","embeddable":true,"href":"https:\/\/blogdorogeriogomes.com.br\/noticias\/wp-json\/wp\/v2\/tags?post=24366"}],"curies":[{"name":"wp","href":"https:\/\/api.w.org\/{rel}","templated":true}]}}