{"id":24372,"date":"2022-02-11T10:28:02","date_gmt":"2022-02-11T10:28:02","guid":{"rendered":"https:\/\/blogdorogeriogomes.com.br\/?p=24372"},"modified":"2022-02-11T10:28:55","modified_gmt":"2022-02-11T10:28:55","slug":"sesa-aponta-queda-de-40-no-atendimento-de-pacientes-com-sindromes-gripais-nas-upas-estaduais","status":"publish","type":"post","link":"https:\/\/blogdorogeriogomes.com.br\/noticias\/2022\/02\/sesa-aponta-queda-de-40-no-atendimento-de-pacientes-com-sindromes-gripais-nas-upas-estaduais\/","title":{"rendered":"Sesa aponta queda de 40% no atendimento de pacientes com s\u00edndromes gripais nas UPAs estaduais"},"content":{"rendered":"\n<p>A Secretaria de Sa\u00fade do Cear\u00e1 (Sesa) aponta uma redu\u00e7\u00e3o em torno de 40% no atendimento de pacientes com s\u00edndromes gripais nas Unidades de Pronto Atendimento (UPAs) no estado, durante os \u00faltimos 15 dias de janeiro.<\/p>\n\n\n\n<p>Nas UPAs dos bairros Autran Nunes, Canindezinho, Jos\u00e9 Walter, Messejana, Praia do Futuro e Conjunto Cear\u00e1, em Fortaleza, os atendimentos na primeira quinzena de janeiro chegaram a 14.059 pacientes com s\u00edndromes gripais. Na segunda quinzena, o n\u00famero caiu para 8.479.<\/p>\n\n\n\n<p>Fortaleza tamb\u00e9m registrou queda na busca por atendimento m\u00e9dico em Unidades de Pronto Atendimento (UPAs) e postos de sa\u00fade, entre o fim de janeiro e come\u00e7o de fevereiro.&nbsp;<\/p>\n\n\n\n<figure class=\"wp-block-image size-large\"><img loading=\"lazy\" decoding=\"async\" width=\"700\" height=\"438\" src=\"https:\/\/blogdorogeriogomes.com.br\/wp-content\/uploads\/2022\/02\/images-3.jpeg\" alt=\"\" class=\"wp-image-24373\" srcset=\"https:\/\/blogdorogeriogomes.com.br\/noticias\/wp-content\/uploads\/2022\/02\/images-3.jpeg 700w, https:\/\/blogdorogeriogomes.com.br\/noticias\/wp-content\/uploads\/2022\/02\/images-3-300x188.jpeg 300w\" sizes=\"auto, (max-width: 700px) 100vw, 700px\" \/><\/figure>\n","protected":false},"excerpt":{"rendered":"<p>A Secretaria de Sa\u00fade do Cear\u00e1 (Sesa) aponta uma redu\u00e7\u00e3o em torno de 40% no atendimento de pacientes com s\u00edndromes gripais nas Unidades de Pronto Atendimento (UPAs) no estado, durante os \u00faltimos 15 dias de janeiro. Nas UPAs dos bairros Autran Nunes, Canindezinho, Jos\u00e9 Walter, Messejana, Praia do Futuro e Conjunto Cear\u00e1, em Fortaleza, os atendimentos na primeira quinzena de janeiro chegaram a 14.059 pacientes com s\u00edndromes gripais. Na segunda quinzena, o n\u00famero caiu para 8.479. Fortaleza tamb\u00e9m registrou&hellip;<\/p>\n","protected":false},"author":1,"featured_media":24373,"comment_status":"open","ping_status":"open","sticky":false,"template":"","format":"standard","meta":{"footnotes":""},"categories":[1],"tags":[],"class_list":["post-24372","post","type-post","status-publish","format-standard","has-post-thumbnail","hentry","category-noticias"],"_links":{"self":[{"href":"https:\/\/blogdorogeriogomes.com.br\/noticias\/wp-json\/wp\/v2\/posts\/24372","targetHints":{"allow":["GET"]}}],"collection":[{"href":"https:\/\/blogdorogeriogomes.com.br\/noticias\/wp-json\/wp\/v2\/posts"}],"about":[{"href":"https:\/\/blogdorogeriogomes.com.br\/noticias\/wp-json\/wp\/v2\/types\/post"}],"author":[{"embeddable":true,"href":"https:\/\/blogdorogeriogomes.com.br\/noticias\/wp-json\/wp\/v2\/users\/1"}],"replies":[{"embeddable":true,"href":"https:\/\/blogdorogeriogomes.com.br\/noticias\/wp-json\/wp\/v2\/comments?post=24372"}],"version-history":[{"count":2,"href":"https:\/\/blogdorogeriogomes.com.br\/noticias\/wp-json\/wp\/v2\/posts\/24372\/revisions"}],"predecessor-version":[{"id":24375,"href":"https:\/\/blogdorogeriogomes.com.br\/noticias\/wp-json\/wp\/v2\/posts\/24372\/revisions\/24375"}],"wp:featuredmedia":[{"embeddable":true,"href":"https:\/\/blogdorogeriogomes.com.br\/noticias\/wp-json\/wp\/v2\/media\/24373"}],"wp:attachment":[{"href":"https:\/\/blogdorogeriogomes.com.br\/noticias\/wp-json\/wp\/v2\/media?parent=24372"}],"wp:term":[{"taxonomy":"category","embeddable":true,"href":"https:\/\/blogdorogeriogomes.com.br\/noticias\/wp-json\/wp\/v2\/categories?post=24372"},{"taxonomy":"post_tag","embeddable":true,"href":"https:\/\/blogdorogeriogomes.com.br\/noticias\/wp-json\/wp\/v2\/tags?post=24372"}],"curies":[{"name":"wp","href":"https:\/\/api.w.org\/{rel}","templated":true}]}}