{"id":24376,"date":"2022-02-11T10:51:24","date_gmt":"2022-02-11T10:51:24","guid":{"rendered":"https:\/\/blogdorogeriogomes.com.br\/?p=24376"},"modified":"2022-02-12T23:28:55","modified_gmt":"2022-02-12T23:28:55","slug":"joao-doria-acena-por-acordo-da-terceira-via-ate-julho-se-candidaturas-nao-decolarem","status":"publish","type":"post","link":"https:\/\/blogdorogeriogomes.com.br\/noticias\/2022\/02\/joao-doria-acena-por-acordo-da-terceira-via-ate-julho-se-candidaturas-nao-decolarem\/","title":{"rendered":"Jo\u00e3o Doria acena por acordo da terceira via at\u00e9 julho se candidaturas n\u00e3o decolarem"},"content":{"rendered":"\n<p>Em entrevista ao O POVO, o pr\u00e9-candidato do PSDB \u00e0 Presid\u00eancia da Rep\u00fablica, Jo\u00e3o Doria, admite a possibilidade de um acordo at\u00e9 julho entre os candidatos da chamada &#8220;terceira via&#8221; para a forma\u00e7\u00e3o de uma frente ampla. &#8220;No pr\u00f3ximo m\u00eas de julho, n\u00f3s vamos ter que ter o discernimento de avaliar qual desses nomes tem a melhor condi\u00e7\u00e3o para enfrentar Lula e Bolsonaro. Para fazer enfrentamento na campanha e para n\u00e3o s\u00f3 disputar como, se vencer, para governar bem Brasil&#8221;, afirmou Doria.<\/p>\n\n\n\n<p>O pr\u00e9-candidato do PSDB vem sofrendo press\u00e3o do pr\u00f3prio partido a desistir da candidatura diante da baixa inten\u00e7\u00e3o de votos apresentada nas \u00faltimas pesquisas eleitorais. Doria aparece com \u00edndices em torno de 3%.<\/p>\n\n\n\n<p>Em evento nesta quinta-feira, dia 10 de fevereiro, no Pec\u00e9m, o senador Tasso Jereissati (PSDB) mostrou proximidade com o ex-ministro Ciro Gomes (PDT), que \u00e9 pr\u00e9-candidato \u00e0 Presid\u00eancia da Rep\u00fablica. Tasso foi contra Doria nas pr\u00e9vias do PSDB.<\/p>\n\n\n\n<p>Para Jo\u00e3o Doria, qualquer acordo de forma\u00e7\u00e3o de frente ampla da &#8220;terceira via&#8221; passa pelo envolvimento de todos os pr\u00e9-candidatos que desejam enfrentar Lula e Bolsonaro, inclusive, o pr\u00f3prio Ciro Gomes. Resta saber quem quer abrir m\u00e3o da cabe\u00e7a de chapa.<\/p>\n\n\n\n<figure class=\"wp-block-image size-large\"><img loading=\"lazy\" decoding=\"async\" width=\"715\" height=\"429\" src=\"https:\/\/blogdorogeriogomes.com.br\/wp-content\/uploads\/2022\/02\/images-4.jpeg\" alt=\"\" class=\"wp-image-24377\" srcset=\"https:\/\/blogdorogeriogomes.com.br\/noticias\/wp-content\/uploads\/2022\/02\/images-4.jpeg 715w, https:\/\/blogdorogeriogomes.com.br\/noticias\/wp-content\/uploads\/2022\/02\/images-4-300x180.jpeg 300w\" sizes=\"auto, (max-width: 715px) 100vw, 715px\" \/><\/figure>\n","protected":false},"excerpt":{"rendered":"<p>Em entrevista ao O POVO, o pr\u00e9-candidato do PSDB \u00e0 Presid\u00eancia da Rep\u00fablica, Jo\u00e3o Doria, admite a possibilidade de um acordo at\u00e9 julho entre os candidatos da chamada &#8220;terceira via&#8221; para a forma\u00e7\u00e3o de uma frente ampla. &#8220;No pr\u00f3ximo m\u00eas de julho, n\u00f3s vamos ter que ter o discernimento de avaliar qual desses nomes tem a melhor condi\u00e7\u00e3o para enfrentar Lula e Bolsonaro. Para fazer enfrentamento na campanha e para n\u00e3o s\u00f3 disputar como, se vencer, para governar bem&hellip;<\/p>\n","protected":false},"author":1,"featured_media":24377,"comment_status":"open","ping_status":"open","sticky":false,"template":"","format":"standard","meta":{"footnotes":""},"categories":[1],"tags":[],"class_list":["post-24376","post","type-post","status-publish","format-standard","has-post-thumbnail","hentry","category-noticias"],"_links":{"self":[{"href":"https:\/\/blogdorogeriogomes.com.br\/noticias\/wp-json\/wp\/v2\/posts\/24376","targetHints":{"allow":["GET"]}}],"collection":[{"href":"https:\/\/blogdorogeriogomes.com.br\/noticias\/wp-json\/wp\/v2\/posts"}],"about":[{"href":"https:\/\/blogdorogeriogomes.com.br\/noticias\/wp-json\/wp\/v2\/types\/post"}],"author":[{"embeddable":true,"href":"https:\/\/blogdorogeriogomes.com.br\/noticias\/wp-json\/wp\/v2\/users\/1"}],"replies":[{"embeddable":true,"href":"https:\/\/blogdorogeriogomes.com.br\/noticias\/wp-json\/wp\/v2\/comments?post=24376"}],"version-history":[{"count":1,"href":"https:\/\/blogdorogeriogomes.com.br\/noticias\/wp-json\/wp\/v2\/posts\/24376\/revisions"}],"predecessor-version":[{"id":24378,"href":"https:\/\/blogdorogeriogomes.com.br\/noticias\/wp-json\/wp\/v2\/posts\/24376\/revisions\/24378"}],"wp:featuredmedia":[{"embeddable":true,"href":"https:\/\/blogdorogeriogomes.com.br\/noticias\/wp-json\/wp\/v2\/media\/24377"}],"wp:attachment":[{"href":"https:\/\/blogdorogeriogomes.com.br\/noticias\/wp-json\/wp\/v2\/media?parent=24376"}],"wp:term":[{"taxonomy":"category","embeddable":true,"href":"https:\/\/blogdorogeriogomes.com.br\/noticias\/wp-json\/wp\/v2\/categories?post=24376"},{"taxonomy":"post_tag","embeddable":true,"href":"https:\/\/blogdorogeriogomes.com.br\/noticias\/wp-json\/wp\/v2\/tags?post=24376"}],"curies":[{"name":"wp","href":"https:\/\/api.w.org\/{rel}","templated":true}]}}