{"id":24394,"date":"2022-02-14T20:35:56","date_gmt":"2022-02-14T20:35:56","guid":{"rendered":"https:\/\/blogdorogeriogomes.com.br\/?p=24394"},"modified":"2022-02-15T13:20:03","modified_gmt":"2022-02-15T13:20:03","slug":"senador-cid-gomes-propoe-que-vacinacao-contra-a-covid-19-passe-a-ser-obrigatoria-no-brasil","status":"publish","type":"post","link":"https:\/\/blogdorogeriogomes.com.br\/noticias\/2022\/02\/senador-cid-gomes-propoe-que-vacinacao-contra-a-covid-19-passe-a-ser-obrigatoria-no-brasil\/","title":{"rendered":"Senador Cid Gomes prop\u00f5e que vacina\u00e7\u00e3o contra a Covid-19 passe a ser obrigat\u00f3ria no Brasil"},"content":{"rendered":"\n<p>O senador cearense Cid Gomes (PDT) apresentou projeto de lei no Senado que, se aprovado, tornar\u00e1 obrigat\u00f3ria a vacina\u00e7\u00e3o destinada ao controle de epidemias e pandemias, como a da Covid-19. Cid Gomes justifica o projeto com a necessidade de prote\u00e7\u00e3o coletiva da sa\u00fade p\u00fablica que, na sua opini\u00e3o, se sobrep\u00f5e \u00e0 liberdade individual.<\/p>\n\n\n\n<p>Atualmente, a legisla\u00e7\u00e3o j\u00e1 imp\u00f5e restri\u00e7\u00f5es para o n\u00e3o cumprimento do calend\u00e1rio do Plano Nacional de Imuniza\u00e7\u00f5es (PNI). No entanto, com o crescimento da atual pandemia e do movimento antivacina, apoiado inclusive pelo presidente da Rep\u00fablica, o senador avalia que o Brasil necessita de medidas adicionais. Tem sido constante o ataque \u00e0 imuniza\u00e7\u00e3o vacinal e \u00e0s determina\u00e7\u00f5es cient\u00edficas.<\/p>\n\n\n\n<p>Al\u00e9m disso, embora a legisla\u00e7\u00e3o estabele\u00e7a que cabe ao Minist\u00e9rio da Sa\u00fade a elabora\u00e7\u00e3o do calend\u00e1rio de vacina\u00e7\u00e3o, n\u00e3o h\u00e1 a obrigatoriedade espec\u00edfica em casos de doen\u00e7as pand\u00eamicas ou end\u00eamicas, justamente o que a proposta de Cid determina.<\/p>\n\n\n\n<p><br>A ideia do projeto \u00e9 aplicar advert\u00eancia ou multa a quem recusar a vacina, ressalvados os casos em que haja contraindica\u00e7\u00e3o por raz\u00f5es m\u00e9dicas. O valor da multa levar\u00e1 em considera\u00e7\u00e3o a condi\u00e7\u00e3o econ\u00f4mica do infrator e a reincid\u00eancia na recusa.<\/p>\n\n\n\n<figure class=\"wp-block-image size-large\"><img loading=\"lazy\" decoding=\"async\" width=\"1024\" height=\"683\" src=\"https:\/\/blogdorogeriogomes.com.br\/wp-content\/uploads\/2022\/02\/50974219722_208df03eed_b.jpg\" alt=\"\" class=\"wp-image-24395\" srcset=\"https:\/\/blogdorogeriogomes.com.br\/noticias\/wp-content\/uploads\/2022\/02\/50974219722_208df03eed_b.jpg 1024w, https:\/\/blogdorogeriogomes.com.br\/noticias\/wp-content\/uploads\/2022\/02\/50974219722_208df03eed_b-300x200.jpg 300w, https:\/\/blogdorogeriogomes.com.br\/noticias\/wp-content\/uploads\/2022\/02\/50974219722_208df03eed_b-768x512.jpg 768w, https:\/\/blogdorogeriogomes.com.br\/noticias\/wp-content\/uploads\/2022\/02\/50974219722_208df03eed_b-800x534.jpg 800w\" sizes=\"auto, (max-width: 1024px) 100vw, 1024px\" \/><\/figure>\n\n\n\n<p><\/p>\n","protected":false},"excerpt":{"rendered":"<p>O senador cearense Cid Gomes (PDT) apresentou projeto de lei no Senado que, se aprovado, tornar\u00e1 obrigat\u00f3ria a vacina\u00e7\u00e3o destinada ao controle de epidemias e pandemias, como a da Covid-19. Cid Gomes justifica o projeto com a necessidade de prote\u00e7\u00e3o coletiva da sa\u00fade p\u00fablica que, na sua opini\u00e3o, se sobrep\u00f5e \u00e0 liberdade individual. Atualmente, a legisla\u00e7\u00e3o j\u00e1 imp\u00f5e restri\u00e7\u00f5es para o n\u00e3o cumprimento do calend\u00e1rio do Plano Nacional de Imuniza\u00e7\u00f5es (PNI). No entanto, com o crescimento da atual pandemia&hellip;<\/p>\n","protected":false},"author":1,"featured_media":24395,"comment_status":"open","ping_status":"open","sticky":false,"template":"","format":"standard","meta":{"footnotes":""},"categories":[1],"tags":[],"class_list":["post-24394","post","type-post","status-publish","format-standard","has-post-thumbnail","hentry","category-noticias"],"_links":{"self":[{"href":"https:\/\/blogdorogeriogomes.com.br\/noticias\/wp-json\/wp\/v2\/posts\/24394","targetHints":{"allow":["GET"]}}],"collection":[{"href":"https:\/\/blogdorogeriogomes.com.br\/noticias\/wp-json\/wp\/v2\/posts"}],"about":[{"href":"https:\/\/blogdorogeriogomes.com.br\/noticias\/wp-json\/wp\/v2\/types\/post"}],"author":[{"embeddable":true,"href":"https:\/\/blogdorogeriogomes.com.br\/noticias\/wp-json\/wp\/v2\/users\/1"}],"replies":[{"embeddable":true,"href":"https:\/\/blogdorogeriogomes.com.br\/noticias\/wp-json\/wp\/v2\/comments?post=24394"}],"version-history":[{"count":1,"href":"https:\/\/blogdorogeriogomes.com.br\/noticias\/wp-json\/wp\/v2\/posts\/24394\/revisions"}],"predecessor-version":[{"id":24396,"href":"https:\/\/blogdorogeriogomes.com.br\/noticias\/wp-json\/wp\/v2\/posts\/24394\/revisions\/24396"}],"wp:featuredmedia":[{"embeddable":true,"href":"https:\/\/blogdorogeriogomes.com.br\/noticias\/wp-json\/wp\/v2\/media\/24395"}],"wp:attachment":[{"href":"https:\/\/blogdorogeriogomes.com.br\/noticias\/wp-json\/wp\/v2\/media?parent=24394"}],"wp:term":[{"taxonomy":"category","embeddable":true,"href":"https:\/\/blogdorogeriogomes.com.br\/noticias\/wp-json\/wp\/v2\/categories?post=24394"},{"taxonomy":"post_tag","embeddable":true,"href":"https:\/\/blogdorogeriogomes.com.br\/noticias\/wp-json\/wp\/v2\/tags?post=24394"}],"curies":[{"name":"wp","href":"https:\/\/api.w.org\/{rel}","templated":true}]}}