{"id":24400,"date":"2022-02-15T09:49:24","date_gmt":"2022-02-15T09:49:24","guid":{"rendered":"https:\/\/blogdorogeriogomes.com.br\/?p=24400"},"modified":"2022-02-15T13:19:40","modified_gmt":"2022-02-15T13:19:40","slug":"cirurgias-eletivas-no-ceara-sao-retomadas-com-queda-nos-casos-de-covid-19","status":"publish","type":"post","link":"https:\/\/blogdorogeriogomes.com.br\/noticias\/2022\/02\/cirurgias-eletivas-no-ceara-sao-retomadas-com-queda-nos-casos-de-covid-19\/","title":{"rendered":"Cirurgias eletivas no Cear\u00e1 s\u00e3o retomadas com queda nos casos de Covid-19"},"content":{"rendered":"\n<p>O secret\u00e1rio de Sa\u00fade do Cear\u00e1, Marcos Gadelha, anunciou a retomada das cirurgias eletivas na rede estadual de Sa\u00fade. O motivo \u00e9 a queda nos casos de Covid-19. Os procedimentos estavam suspensos por causa do aumento no atendimento de pacientes com a variante \u00d4micron.<\/p>\n\n\n\n<p>Desde outubro at\u00e9 o in\u00edcio de dezembro de 2021, pelo menos seis mil cirurgias de m\u00e9dia e alta complexidade foram realizadas no Cear\u00e1, quando o Governo do Estado anunciou plant\u00e3o 24 horas na rede hospitalar estadual para acelerar a fila de espera por cirurgias eletivas, afetada pela pandemia.<\/p>\n\n\n\n<p>A meta do programa era zerar a fila de mais de 30 mil pessoas que aguardavam por procedimentos cir\u00fargicos no Cear\u00e1.<\/p>\n\n\n\n<figure class=\"wp-block-image size-large\"><img loading=\"lazy\" decoding=\"async\" width=\"984\" height=\"712\" src=\"https:\/\/blogdorogeriogomes.com.br\/wp-content\/uploads\/2022\/02\/cirurgia.jpg\" alt=\"\" class=\"wp-image-24401\" srcset=\"https:\/\/blogdorogeriogomes.com.br\/noticias\/wp-content\/uploads\/2022\/02\/cirurgia.jpg 984w, https:\/\/blogdorogeriogomes.com.br\/noticias\/wp-content\/uploads\/2022\/02\/cirurgia-300x217.jpg 300w, https:\/\/blogdorogeriogomes.com.br\/noticias\/wp-content\/uploads\/2022\/02\/cirurgia-768x556.jpg 768w, https:\/\/blogdorogeriogomes.com.br\/noticias\/wp-content\/uploads\/2022\/02\/cirurgia-800x579.jpg 800w\" sizes=\"auto, (max-width: 984px) 100vw, 984px\" \/><\/figure>\n\n\n\n<p><\/p>\n","protected":false},"excerpt":{"rendered":"<p>O secret\u00e1rio de Sa\u00fade do Cear\u00e1, Marcos Gadelha, anunciou a retomada das cirurgias eletivas na rede estadual de Sa\u00fade. O motivo \u00e9 a queda nos casos de Covid-19. Os procedimentos estavam suspensos por causa do aumento no atendimento de pacientes com a variante \u00d4micron. Desde outubro at\u00e9 o in\u00edcio de dezembro de 2021, pelo menos seis mil cirurgias de m\u00e9dia e alta complexidade foram realizadas no Cear\u00e1, quando o Governo do Estado anunciou plant\u00e3o 24 horas na rede hospitalar&hellip;<\/p>\n","protected":false},"author":1,"featured_media":24401,"comment_status":"open","ping_status":"open","sticky":false,"template":"","format":"standard","meta":{"footnotes":""},"categories":[1],"tags":[],"class_list":["post-24400","post","type-post","status-publish","format-standard","has-post-thumbnail","hentry","category-noticias"],"_links":{"self":[{"href":"https:\/\/blogdorogeriogomes.com.br\/noticias\/wp-json\/wp\/v2\/posts\/24400","targetHints":{"allow":["GET"]}}],"collection":[{"href":"https:\/\/blogdorogeriogomes.com.br\/noticias\/wp-json\/wp\/v2\/posts"}],"about":[{"href":"https:\/\/blogdorogeriogomes.com.br\/noticias\/wp-json\/wp\/v2\/types\/post"}],"author":[{"embeddable":true,"href":"https:\/\/blogdorogeriogomes.com.br\/noticias\/wp-json\/wp\/v2\/users\/1"}],"replies":[{"embeddable":true,"href":"https:\/\/blogdorogeriogomes.com.br\/noticias\/wp-json\/wp\/v2\/comments?post=24400"}],"version-history":[{"count":1,"href":"https:\/\/blogdorogeriogomes.com.br\/noticias\/wp-json\/wp\/v2\/posts\/24400\/revisions"}],"predecessor-version":[{"id":24402,"href":"https:\/\/blogdorogeriogomes.com.br\/noticias\/wp-json\/wp\/v2\/posts\/24400\/revisions\/24402"}],"wp:featuredmedia":[{"embeddable":true,"href":"https:\/\/blogdorogeriogomes.com.br\/noticias\/wp-json\/wp\/v2\/media\/24401"}],"wp:attachment":[{"href":"https:\/\/blogdorogeriogomes.com.br\/noticias\/wp-json\/wp\/v2\/media?parent=24400"}],"wp:term":[{"taxonomy":"category","embeddable":true,"href":"https:\/\/blogdorogeriogomes.com.br\/noticias\/wp-json\/wp\/v2\/categories?post=24400"},{"taxonomy":"post_tag","embeddable":true,"href":"https:\/\/blogdorogeriogomes.com.br\/noticias\/wp-json\/wp\/v2\/tags?post=24400"}],"curies":[{"name":"wp","href":"https:\/\/api.w.org\/{rel}","templated":true}]}}