{"id":24409,"date":"2022-02-15T22:41:18","date_gmt":"2022-02-15T22:41:18","guid":{"rendered":"https:\/\/blogdorogeriogomes.com.br\/?p=24409"},"modified":"2022-02-16T10:56:12","modified_gmt":"2022-02-16T10:56:12","slug":"policiais-militares-no-ceara-passam-a-utilizar-novos-uniformes-a-partir-de-25-de-fevereiro","status":"publish","type":"post","link":"https:\/\/blogdorogeriogomes.com.br\/noticias\/2022\/02\/policiais-militares-no-ceara-passam-a-utilizar-novos-uniformes-a-partir-de-25-de-fevereiro\/","title":{"rendered":"Policiais militares no Cear\u00e1 passam a utilizar novos uniformes a partir de 25 de fevereiro"},"content":{"rendered":"\n<p>Policiais militares do Cear\u00e1 passam a utilizar novos uniformes a partir de 25 de fevereiro. Com um investimento total de R$ 34 milh\u00f5es, os uniformes ser\u00e3o entregues em 30 mil conjuntos (cal\u00e7a e camisa t\u00e1tica) para todos os PMs cearenses. Cada kit ser\u00e1 composto por boina, camisa t\u00e1tica, cal\u00e7a, cinto, camisa interna, meias, coturno e cinto t\u00e1tico. O novo uniforme ser\u00e1 na cor verde e oferecer\u00e1 mais conforto no material utilizado.<\/p>\n\n\n\n<p>De acordo com o governador Camilo Santana, o novo uniforme soma-se a uma s\u00e9rie de investimentos feitos na Pol\u00edcia Militar do Cear\u00e1, como a aquisi\u00e7\u00e3o de armamentos, reforma de quart\u00e9is, compra de novas viaturas, concurso p\u00fablico, lei de promo\u00e7\u00f5es e a constru\u00e7\u00e3o do Centro Integrado de Seguran\u00e7a P\u00fablica.<\/p>\n\n\n\n<figure class=\"wp-block-image size-large\"><img loading=\"lazy\" decoding=\"async\" width=\"1024\" height=\"684\" src=\"https:\/\/blogdorogeriogomes.com.br\/wp-content\/uploads\/2022\/02\/220215_NOVOS-UNIFORMES-PM_CG8228-1200x802-1-1024x684.jpg\" alt=\"\" class=\"wp-image-24410\" srcset=\"https:\/\/blogdorogeriogomes.com.br\/noticias\/wp-content\/uploads\/2022\/02\/220215_NOVOS-UNIFORMES-PM_CG8228-1200x802-1-1024x684.jpg 1024w, https:\/\/blogdorogeriogomes.com.br\/noticias\/wp-content\/uploads\/2022\/02\/220215_NOVOS-UNIFORMES-PM_CG8228-1200x802-1-300x201.jpg 300w, https:\/\/blogdorogeriogomes.com.br\/noticias\/wp-content\/uploads\/2022\/02\/220215_NOVOS-UNIFORMES-PM_CG8228-1200x802-1-768x513.jpg 768w, https:\/\/blogdorogeriogomes.com.br\/noticias\/wp-content\/uploads\/2022\/02\/220215_NOVOS-UNIFORMES-PM_CG8228-1200x802-1-800x535.jpg 800w, https:\/\/blogdorogeriogomes.com.br\/noticias\/wp-content\/uploads\/2022\/02\/220215_NOVOS-UNIFORMES-PM_CG8228-1200x802-1.jpg 1200w\" sizes=\"auto, (max-width: 1024px) 100vw, 1024px\" \/><\/figure>\n","protected":false},"excerpt":{"rendered":"<p>Policiais militares do Cear\u00e1 passam a utilizar novos uniformes a partir de 25 de fevereiro. Com um investimento total de R$ 34 milh\u00f5es, os uniformes ser\u00e3o entregues em 30 mil conjuntos (cal\u00e7a e camisa t\u00e1tica) para todos os PMs cearenses. Cada kit ser\u00e1 composto por boina, camisa t\u00e1tica, cal\u00e7a, cinto, camisa interna, meias, coturno e cinto t\u00e1tico. O novo uniforme ser\u00e1 na cor verde e oferecer\u00e1 mais conforto no material utilizado. De acordo com o governador Camilo Santana, o&hellip;<\/p>\n","protected":false},"author":1,"featured_media":24410,"comment_status":"open","ping_status":"open","sticky":false,"template":"","format":"standard","meta":{"footnotes":""},"categories":[1],"tags":[],"class_list":["post-24409","post","type-post","status-publish","format-standard","has-post-thumbnail","hentry","category-noticias"],"_links":{"self":[{"href":"https:\/\/blogdorogeriogomes.com.br\/noticias\/wp-json\/wp\/v2\/posts\/24409","targetHints":{"allow":["GET"]}}],"collection":[{"href":"https:\/\/blogdorogeriogomes.com.br\/noticias\/wp-json\/wp\/v2\/posts"}],"about":[{"href":"https:\/\/blogdorogeriogomes.com.br\/noticias\/wp-json\/wp\/v2\/types\/post"}],"author":[{"embeddable":true,"href":"https:\/\/blogdorogeriogomes.com.br\/noticias\/wp-json\/wp\/v2\/users\/1"}],"replies":[{"embeddable":true,"href":"https:\/\/blogdorogeriogomes.com.br\/noticias\/wp-json\/wp\/v2\/comments?post=24409"}],"version-history":[{"count":1,"href":"https:\/\/blogdorogeriogomes.com.br\/noticias\/wp-json\/wp\/v2\/posts\/24409\/revisions"}],"predecessor-version":[{"id":24411,"href":"https:\/\/blogdorogeriogomes.com.br\/noticias\/wp-json\/wp\/v2\/posts\/24409\/revisions\/24411"}],"wp:featuredmedia":[{"embeddable":true,"href":"https:\/\/blogdorogeriogomes.com.br\/noticias\/wp-json\/wp\/v2\/media\/24410"}],"wp:attachment":[{"href":"https:\/\/blogdorogeriogomes.com.br\/noticias\/wp-json\/wp\/v2\/media?parent=24409"}],"wp:term":[{"taxonomy":"category","embeddable":true,"href":"https:\/\/blogdorogeriogomes.com.br\/noticias\/wp-json\/wp\/v2\/categories?post=24409"},{"taxonomy":"post_tag","embeddable":true,"href":"https:\/\/blogdorogeriogomes.com.br\/noticias\/wp-json\/wp\/v2\/tags?post=24409"}],"curies":[{"name":"wp","href":"https:\/\/api.w.org\/{rel}","templated":true}]}}