{"id":24412,"date":"2022-02-16T09:34:32","date_gmt":"2022-02-16T09:34:32","guid":{"rendered":"https:\/\/blogdorogeriogomes.com.br\/?p=24412"},"modified":"2022-02-16T10:56:00","modified_gmt":"2022-02-16T10:56:00","slug":"parque-rachel-de-queiroz-e-a-mais-nova-opcao-de-lazer-para-os-fortalezenses","status":"publish","type":"post","link":"https:\/\/blogdorogeriogomes.com.br\/noticias\/2022\/02\/parque-rachel-de-queiroz-e-a-mais-nova-opcao-de-lazer-para-os-fortalezenses\/","title":{"rendered":"Parque Rachel de Queiroz \u00e9 a mais nova op\u00e7\u00e3o de lazer para os fortalezenses"},"content":{"rendered":"\n<p>Fortaleza ganhou mais uma ampla \u00e1rea de lazer. O Governo do Cear\u00e1 e a Prefeitura de Fortaleza entregaram, nesta ter\u00e7a-feira, dia 15 de fevereiro, a primeira etapa da requalifica\u00e7\u00e3o do Parque Rachel de Queiroz, no bairro Presidente Kennedy. O Parque Rachel de Queiroz est\u00e1 localizado na regi\u00e3o oeste de Fortaleza e conta com 10 km de extens\u00e3o e \u00e1rea total de aproximadamente 203 hectares. <\/p>\n\n\n\n<p>O novo equipamento vai beneficiar pessoas dos bairros Monte Castelo, Alagadi\u00e7o\/S\u00e3o Gerardo, Presidente Kennedy, Pici, Ant\u00f4nio Bezerra, Dom Lustosa, Henrique Jorge, Autran Nunes, Vila Ellery, Parquel\u00e2ndia, Amadeu Furtado, Bela Vista, Padre Andrade e Geniba\u00fa.<\/p>\n\n\n\n<figure class=\"wp-block-image size-large\"><img loading=\"lazy\" decoding=\"async\" width=\"1024\" height=\"683\" src=\"https:\/\/blogdorogeriogomes.com.br\/wp-content\/uploads\/2022\/02\/220215_PQ-RACHEL-DE-QUEIROZ_TF0886_2-1200x800-1-1024x683.jpg\" alt=\"\" class=\"wp-image-24413\" srcset=\"https:\/\/blogdorogeriogomes.com.br\/noticias\/wp-content\/uploads\/2022\/02\/220215_PQ-RACHEL-DE-QUEIROZ_TF0886_2-1200x800-1-1024x683.jpg 1024w, https:\/\/blogdorogeriogomes.com.br\/noticias\/wp-content\/uploads\/2022\/02\/220215_PQ-RACHEL-DE-QUEIROZ_TF0886_2-1200x800-1-300x200.jpg 300w, https:\/\/blogdorogeriogomes.com.br\/noticias\/wp-content\/uploads\/2022\/02\/220215_PQ-RACHEL-DE-QUEIROZ_TF0886_2-1200x800-1-768x512.jpg 768w, https:\/\/blogdorogeriogomes.com.br\/noticias\/wp-content\/uploads\/2022\/02\/220215_PQ-RACHEL-DE-QUEIROZ_TF0886_2-1200x800-1-800x533.jpg 800w, https:\/\/blogdorogeriogomes.com.br\/noticias\/wp-content\/uploads\/2022\/02\/220215_PQ-RACHEL-DE-QUEIROZ_TF0886_2-1200x800-1.jpg 1200w\" sizes=\"auto, (max-width: 1024px) 100vw, 1024px\" \/><\/figure>\n\n\n\n<p>O projeto do Parque Rachel de Queiroz foi respons\u00e1vel pela urbaniza\u00e7\u00e3o da regi\u00e3o, com a constru\u00e7\u00e3o de cal\u00e7ad\u00e3o para caminhadas, ciclofaixa bidirecional, paisagismo, mobili\u00e1rios urbanos, biciclet\u00e1rios, anfiteatro, pontes de acesso, quiosques, al\u00e9m de diversos equipamentos para o lazer e pr\u00e1tica de esportes, como quadras, areninha, pet place, espiribol, playground e novos espa\u00e7os para conviv\u00eancia em contato com a natureza.<\/p>\n","protected":false},"excerpt":{"rendered":"<p>Fortaleza ganhou mais uma ampla \u00e1rea de lazer. O Governo do Cear\u00e1 e a Prefeitura de Fortaleza entregaram, nesta ter\u00e7a-feira, dia 15 de fevereiro, a primeira etapa da requalifica\u00e7\u00e3o do Parque Rachel de Queiroz, no bairro Presidente Kennedy. O Parque Rachel de Queiroz est\u00e1 localizado na regi\u00e3o oeste de Fortaleza e conta com 10 km de extens\u00e3o e \u00e1rea total de aproximadamente 203 hectares. O novo equipamento vai beneficiar pessoas dos bairros Monte Castelo, Alagadi\u00e7o\/S\u00e3o Gerardo, Presidente Kennedy, Pici,&hellip;<\/p>\n","protected":false},"author":1,"featured_media":24413,"comment_status":"open","ping_status":"open","sticky":false,"template":"","format":"standard","meta":{"footnotes":""},"categories":[1],"tags":[],"class_list":["post-24412","post","type-post","status-publish","format-standard","has-post-thumbnail","hentry","category-noticias"],"_links":{"self":[{"href":"https:\/\/blogdorogeriogomes.com.br\/noticias\/wp-json\/wp\/v2\/posts\/24412","targetHints":{"allow":["GET"]}}],"collection":[{"href":"https:\/\/blogdorogeriogomes.com.br\/noticias\/wp-json\/wp\/v2\/posts"}],"about":[{"href":"https:\/\/blogdorogeriogomes.com.br\/noticias\/wp-json\/wp\/v2\/types\/post"}],"author":[{"embeddable":true,"href":"https:\/\/blogdorogeriogomes.com.br\/noticias\/wp-json\/wp\/v2\/users\/1"}],"replies":[{"embeddable":true,"href":"https:\/\/blogdorogeriogomes.com.br\/noticias\/wp-json\/wp\/v2\/comments?post=24412"}],"version-history":[{"count":1,"href":"https:\/\/blogdorogeriogomes.com.br\/noticias\/wp-json\/wp\/v2\/posts\/24412\/revisions"}],"predecessor-version":[{"id":24414,"href":"https:\/\/blogdorogeriogomes.com.br\/noticias\/wp-json\/wp\/v2\/posts\/24412\/revisions\/24414"}],"wp:featuredmedia":[{"embeddable":true,"href":"https:\/\/blogdorogeriogomes.com.br\/noticias\/wp-json\/wp\/v2\/media\/24413"}],"wp:attachment":[{"href":"https:\/\/blogdorogeriogomes.com.br\/noticias\/wp-json\/wp\/v2\/media?parent=24412"}],"wp:term":[{"taxonomy":"category","embeddable":true,"href":"https:\/\/blogdorogeriogomes.com.br\/noticias\/wp-json\/wp\/v2\/categories?post=24412"},{"taxonomy":"post_tag","embeddable":true,"href":"https:\/\/blogdorogeriogomes.com.br\/noticias\/wp-json\/wp\/v2\/tags?post=24412"}],"curies":[{"name":"wp","href":"https:\/\/api.w.org\/{rel}","templated":true}]}}