{"id":24415,"date":"2022-02-16T09:43:15","date_gmt":"2022-02-16T09:43:15","guid":{"rendered":"https:\/\/blogdorogeriogomes.com.br\/?p=24415"},"modified":"2022-02-16T10:55:46","modified_gmt":"2022-02-16T10:55:46","slug":"pre-candidatos-do-pdt-ao-governo-do-estado-tentam-fortalecer-os-nomes-para-concorrer-em-outubro","status":"publish","type":"post","link":"https:\/\/blogdorogeriogomes.com.br\/noticias\/2022\/02\/pre-candidatos-do-pdt-ao-governo-do-estado-tentam-fortalecer-os-nomes-para-concorrer-em-outubro\/","title":{"rendered":"Pr\u00e9-candidatos do PDT ao Governo do Estado tentam fortalecer os nomes para concorrer em outubro"},"content":{"rendered":"\n<p>At\u00e9 o pr\u00f3ximo m\u00eas de abril, o candidato a ser apoiado pelo governador Camilo Santana (PT) \u00e0 sua sucess\u00e3o deve ser conhecido. E na perspectiva da manuten\u00e7\u00e3o da alian\u00e7a entre PT e PDT, o nome deve sair entre os pedetistas. Na visita feita por Camilo e deputados \u00e0s obras do novo Hospital Universit\u00e1rio da Uece, que est\u00e1 com 42% dos servi\u00e7os executados, pelo menos dois pr\u00e9-candidatos pedetistas marcavam presen\u00e7a na solenidade: a vice-governadora Izolda Cela e o presidente da Assembleia Legislativa, Evandro Leit\u00e3o.<\/p>\n\n\n\n<p>Outros dois pr\u00e9-candidatos do PDT ao Governo do Estado refor\u00e7am os contatos pol\u00edticos no interior: o ex-prefeito de Fortaleza, Roberto Cl\u00e1udio, e o deputado federal Mauro Filho.<\/p>\n\n\n\n<p>A cada entrevista que concede \u00e0 imprensa, Camilo Santana vai dando pistas que confirmam o seu desligamento do cargo de governador em abril para poder concorrer ao Senado nas elei\u00e7\u00f5es de outubro.<\/p>\n\n\n\n<p>Se renunciar ao Governo, quem assumir\u00e1 \u00e9 a vice Izolda Cela, que mesmo ficando no cargo at\u00e9 o fim de 2022, poder\u00e1 ser a candidata de situa\u00e7\u00e3o ao Pal\u00e1cio da Aboli\u00e7\u00e3o. Mas entre os crit\u00e9rios a serem levados em conta pelos irm\u00e3os Cid e Ciro Ferreira Gomes na escolha est\u00e3o a aceita\u00e7\u00e3o dos nomes em pesquisas eleitorais e tamb\u00e9m entre os partidos aliados. At\u00e9 abril, sem d\u00favida, ainda tem muita negocia\u00e7\u00e3o de bastidores para acontecer.<\/p>\n\n\n\n<figure class=\"wp-block-image size-large\"><img loading=\"lazy\" decoding=\"async\" width=\"900\" height=\"599\" src=\"https:\/\/blogdorogeriogomes.com.br\/wp-content\/uploads\/2022\/02\/e249a92d775506ade4609e347a86fe08_XL.jpg\" alt=\"\" class=\"wp-image-24416\" srcset=\"https:\/\/blogdorogeriogomes.com.br\/noticias\/wp-content\/uploads\/2022\/02\/e249a92d775506ade4609e347a86fe08_XL.jpg 900w, https:\/\/blogdorogeriogomes.com.br\/noticias\/wp-content\/uploads\/2022\/02\/e249a92d775506ade4609e347a86fe08_XL-300x200.jpg 300w, https:\/\/blogdorogeriogomes.com.br\/noticias\/wp-content\/uploads\/2022\/02\/e249a92d775506ade4609e347a86fe08_XL-768x511.jpg 768w, https:\/\/blogdorogeriogomes.com.br\/noticias\/wp-content\/uploads\/2022\/02\/e249a92d775506ade4609e347a86fe08_XL-800x532.jpg 800w\" sizes=\"auto, (max-width: 900px) 100vw, 900px\" \/><\/figure>\n","protected":false},"excerpt":{"rendered":"<p>At\u00e9 o pr\u00f3ximo m\u00eas de abril, o candidato a ser apoiado pelo governador Camilo Santana (PT) \u00e0 sua sucess\u00e3o deve ser conhecido. E na perspectiva da manuten\u00e7\u00e3o da alian\u00e7a entre PT e PDT, o nome deve sair entre os pedetistas. Na visita feita por Camilo e deputados \u00e0s obras do novo Hospital Universit\u00e1rio da Uece, que est\u00e1 com 42% dos servi\u00e7os executados, pelo menos dois pr\u00e9-candidatos pedetistas marcavam presen\u00e7a na solenidade: a vice-governadora Izolda Cela e o presidente da&hellip;<\/p>\n","protected":false},"author":1,"featured_media":24416,"comment_status":"open","ping_status":"open","sticky":false,"template":"","format":"standard","meta":{"footnotes":""},"categories":[1],"tags":[],"class_list":["post-24415","post","type-post","status-publish","format-standard","has-post-thumbnail","hentry","category-noticias"],"_links":{"self":[{"href":"https:\/\/blogdorogeriogomes.com.br\/noticias\/wp-json\/wp\/v2\/posts\/24415","targetHints":{"allow":["GET"]}}],"collection":[{"href":"https:\/\/blogdorogeriogomes.com.br\/noticias\/wp-json\/wp\/v2\/posts"}],"about":[{"href":"https:\/\/blogdorogeriogomes.com.br\/noticias\/wp-json\/wp\/v2\/types\/post"}],"author":[{"embeddable":true,"href":"https:\/\/blogdorogeriogomes.com.br\/noticias\/wp-json\/wp\/v2\/users\/1"}],"replies":[{"embeddable":true,"href":"https:\/\/blogdorogeriogomes.com.br\/noticias\/wp-json\/wp\/v2\/comments?post=24415"}],"version-history":[{"count":1,"href":"https:\/\/blogdorogeriogomes.com.br\/noticias\/wp-json\/wp\/v2\/posts\/24415\/revisions"}],"predecessor-version":[{"id":24417,"href":"https:\/\/blogdorogeriogomes.com.br\/noticias\/wp-json\/wp\/v2\/posts\/24415\/revisions\/24417"}],"wp:featuredmedia":[{"embeddable":true,"href":"https:\/\/blogdorogeriogomes.com.br\/noticias\/wp-json\/wp\/v2\/media\/24416"}],"wp:attachment":[{"href":"https:\/\/blogdorogeriogomes.com.br\/noticias\/wp-json\/wp\/v2\/media?parent=24415"}],"wp:term":[{"taxonomy":"category","embeddable":true,"href":"https:\/\/blogdorogeriogomes.com.br\/noticias\/wp-json\/wp\/v2\/categories?post=24415"},{"taxonomy":"post_tag","embeddable":true,"href":"https:\/\/blogdorogeriogomes.com.br\/noticias\/wp-json\/wp\/v2\/tags?post=24415"}],"curies":[{"name":"wp","href":"https:\/\/api.w.org\/{rel}","templated":true}]}}