{"id":24428,"date":"2022-02-17T09:08:54","date_gmt":"2022-02-17T09:08:54","guid":{"rendered":"https:\/\/blogdorogeriogomes.com.br\/?p=24428"},"modified":"2022-02-17T19:59:13","modified_gmt":"2022-02-17T19:59:13","slug":"fortaleza-ganha-primeira-clinica-veterinaria-popular","status":"publish","type":"post","link":"https:\/\/blogdorogeriogomes.com.br\/noticias\/2022\/02\/fortaleza-ganha-primeira-clinica-veterinaria-popular\/","title":{"rendered":"Fortaleza ganha primeira cl\u00ednica veterin\u00e1ria popular"},"content":{"rendered":"\n<p>Foi inaugurada na \u00faltima ter\u00e7a-feira, dia 15 de fevereiro, a primeira cl\u00ednica veterin\u00e1ria popular de Fortaleza, que promete oferecer tratamento e procedimentos especializados a pre\u00e7os populares para os animais.<\/p>\n\n\n\n<p>A cl\u00ednica veterin\u00e1ria popular funciona na Av. da Saudade 3071-B, no Passar\u00e9, ao lado da Cl\u00ednica Municipal Jac\u00f3, com funcionamento de segunda a sexta-feira, das 8h \u00e0s 17h e um s\u00e1bado ao m\u00eas, das 8h \u00e0s 14h, para fazer mutir\u00e3o de castra\u00e7\u00e3o. A popula\u00e7\u00e3o mais carente poder\u00e1 contar com especialidades como Dermatologia, Oftalmologia, Oncologia, Clinica M\u00e9dica e Cir\u00fargica e Cirurgia Reconstrutiva, tudo com pre\u00e7os acess\u00edveis \u00e0 popula\u00e7\u00e3o mais carente, que antes n\u00e3o poderia ter acesso a algumas dessas interven\u00e7\u00f5es para seus animais.<\/p>\n\n\n\n<p>Em Fortaleza, tem a Cl\u00ednica Jac\u00f3, que \u00e9 municipal e com atendimento gratuito, mas atende apenas uma demanda da popula\u00e7\u00e3o, onde por diversas vezes acabam voltando para casa sem o seu animal ter o devido atendimento. A inten\u00e7\u00e3o da cl\u00ednica popular \u00e9 justamente dar suporte a essa popula\u00e7\u00e3o mais carente que n\u00e3o conseguiu atendimento gratuito, mas que precisa salvar a vida dos seus animais.<\/p>\n\n\n\n<p>A idealizadora do projeto \u00e9 a m\u00e9dica veterin\u00e1ria Kelly Pedrosa. Ela, por um ano, foi volunt\u00e1ria como veterin\u00e1ria no vetm\u00f3vel, onde podia proporcionar aos mais humildes a condi\u00e7\u00e3o de poderem ter um atendimento especializado sem cobrar. Quando saiu do vetm\u00f3vel ficou atendendo somente em clinica privada, mas sentia falta do calor das pessoas e de sentir o amor delas pelos seus pets. \u201cA\u00ed eu resolvi colocar a clinica popular, onde eu posso proporcionar \u00e0s pessoas mais humildes, o direto de ter atendimento especializado pagando um valor mais em conta\u2026 Quando convidei os especialistas para participarem desse projeto, eles super me apoiaram e vamos fazer da certo\u2026 Lembrando que essa ser\u00e1 apenas a primeira de v\u00e1rias que vir\u00e3o por ai&#8221;, disse a m\u00e9dica veterin\u00e1ria.<\/p>\n\n\n\n<figure class=\"wp-block-image size-large\"><img loading=\"lazy\" decoding=\"async\" width=\"768\" height=\"1024\" src=\"https:\/\/blogdorogeriogomes.com.br\/wp-content\/uploads\/2022\/02\/IMG-20220216-WA0065-768x1024.jpg\" alt=\"\" class=\"wp-image-24429\" srcset=\"https:\/\/blogdorogeriogomes.com.br\/noticias\/wp-content\/uploads\/2022\/02\/IMG-20220216-WA0065-768x1024.jpg 768w, https:\/\/blogdorogeriogomes.com.br\/noticias\/wp-content\/uploads\/2022\/02\/IMG-20220216-WA0065-225x300.jpg 225w, https:\/\/blogdorogeriogomes.com.br\/noticias\/wp-content\/uploads\/2022\/02\/IMG-20220216-WA0065-1152x1536.jpg 1152w, https:\/\/blogdorogeriogomes.com.br\/noticias\/wp-content\/uploads\/2022\/02\/IMG-20220216-WA0065-800x1067.jpg 800w, https:\/\/blogdorogeriogomes.com.br\/noticias\/wp-content\/uploads\/2022\/02\/IMG-20220216-WA0065.jpg 1200w\" sizes=\"auto, (max-width: 768px) 100vw, 768px\" \/><\/figure>\n\n\n\n<p><\/p>\n\n\n\n<p><\/p>\n\n\n\n<p><\/p>\n","protected":false},"excerpt":{"rendered":"<p>Foi inaugurada na \u00faltima ter\u00e7a-feira, dia 15 de fevereiro, a primeira cl\u00ednica veterin\u00e1ria popular de Fortaleza, que promete oferecer tratamento e procedimentos especializados a pre\u00e7os populares para os animais. A cl\u00ednica veterin\u00e1ria popular funciona na Av. da Saudade 3071-B, no Passar\u00e9, ao lado da Cl\u00ednica Municipal Jac\u00f3, com funcionamento de segunda a sexta-feira, das 8h \u00e0s 17h e um s\u00e1bado ao m\u00eas, das 8h \u00e0s 14h, para fazer mutir\u00e3o de castra\u00e7\u00e3o. A popula\u00e7\u00e3o mais carente poder\u00e1 contar com especialidades&hellip;<\/p>\n","protected":false},"author":1,"featured_media":24429,"comment_status":"open","ping_status":"open","sticky":false,"template":"","format":"standard","meta":{"footnotes":""},"categories":[1],"tags":[],"class_list":["post-24428","post","type-post","status-publish","format-standard","has-post-thumbnail","hentry","category-noticias"],"_links":{"self":[{"href":"https:\/\/blogdorogeriogomes.com.br\/noticias\/wp-json\/wp\/v2\/posts\/24428","targetHints":{"allow":["GET"]}}],"collection":[{"href":"https:\/\/blogdorogeriogomes.com.br\/noticias\/wp-json\/wp\/v2\/posts"}],"about":[{"href":"https:\/\/blogdorogeriogomes.com.br\/noticias\/wp-json\/wp\/v2\/types\/post"}],"author":[{"embeddable":true,"href":"https:\/\/blogdorogeriogomes.com.br\/noticias\/wp-json\/wp\/v2\/users\/1"}],"replies":[{"embeddable":true,"href":"https:\/\/blogdorogeriogomes.com.br\/noticias\/wp-json\/wp\/v2\/comments?post=24428"}],"version-history":[{"count":1,"href":"https:\/\/blogdorogeriogomes.com.br\/noticias\/wp-json\/wp\/v2\/posts\/24428\/revisions"}],"predecessor-version":[{"id":24430,"href":"https:\/\/blogdorogeriogomes.com.br\/noticias\/wp-json\/wp\/v2\/posts\/24428\/revisions\/24430"}],"wp:featuredmedia":[{"embeddable":true,"href":"https:\/\/blogdorogeriogomes.com.br\/noticias\/wp-json\/wp\/v2\/media\/24429"}],"wp:attachment":[{"href":"https:\/\/blogdorogeriogomes.com.br\/noticias\/wp-json\/wp\/v2\/media?parent=24428"}],"wp:term":[{"taxonomy":"category","embeddable":true,"href":"https:\/\/blogdorogeriogomes.com.br\/noticias\/wp-json\/wp\/v2\/categories?post=24428"},{"taxonomy":"post_tag","embeddable":true,"href":"https:\/\/blogdorogeriogomes.com.br\/noticias\/wp-json\/wp\/v2\/tags?post=24428"}],"curies":[{"name":"wp","href":"https:\/\/api.w.org\/{rel}","templated":true}]}}