{"id":24431,"date":"2022-02-17T09:37:34","date_gmt":"2022-02-17T09:37:34","guid":{"rendered":"https:\/\/blogdorogeriogomes.com.br\/?p=24431"},"modified":"2022-02-17T19:58:42","modified_gmt":"2022-02-17T19:58:42","slug":"uniao-brasil-e-alvo-de-disputa-no-ceara-entre-governistas-e-oposicionistas","status":"publish","type":"post","link":"https:\/\/blogdorogeriogomes.com.br\/noticias\/2022\/02\/uniao-brasil-e-alvo-de-disputa-no-ceara-entre-governistas-e-oposicionistas\/","title":{"rendered":"Uni\u00e3o Brasil \u00e9 alvo de disputa no Cear\u00e1 entre governistas e oposicionistas"},"content":{"rendered":"\n<p>O principal pr\u00e9-candidato de oposi\u00e7\u00e3o ao Governo do Cear\u00e1, Capit\u00e3o Wagner, anunciou esta semana que est\u00e1 ingressando no novo Uni\u00e3o Brasil, fruto da fus\u00e3o entre PSL e DEM. Wagner diz que pretende comandar o partido no Cear\u00e1 e quer refor\u00e7ar as filia\u00e7\u00f5es com parlamentares que fazem parte do seu grupo pol\u00edtico.<\/p>\n\n\n\n<p>Mas h\u00e1 governistas, aliados ao governador Camilo Santana (PT), que desejam que o Uni\u00e3o Brasil permane\u00e7a no Cear\u00e1 em outra frente. A suplente de deputada federal Gorete Pereira, que \u00e9 aliada de Camilo, diz ter se reunido com o presidente do Uni\u00e3o Brasil, o deputado federal Luciano Bivar. Segundo ela, ainda n\u00e3o h\u00e1 uma defini\u00e7\u00e3o do rumo que o novo partido vai tomar no Cear\u00e1.<\/p>\n\n\n\n<p>O DEM, ao contr\u00e1rio do PSL, fazia parte da base de apoio do governador Camilo Santana, inclusive, com a presen\u00e7a de quadros do partido na gest\u00e3o.&nbsp;O empres\u00e1rio Chiquinho Feitosa, que \u00e9 suplente de senador, tamb\u00e9m disputa com Capit\u00e3o Wagner para comandar o Uni\u00e3o Brasil no Cear\u00e1.<\/p>\n\n\n\n<figure class=\"wp-block-image size-large\"><img loading=\"lazy\" decoding=\"async\" width=\"739\" height=\"415\" src=\"https:\/\/blogdorogeriogomes.com.br\/wp-content\/uploads\/2022\/02\/images-16.jpeg\" alt=\"\" class=\"wp-image-24432\" srcset=\"https:\/\/blogdorogeriogomes.com.br\/noticias\/wp-content\/uploads\/2022\/02\/images-16.jpeg 739w, https:\/\/blogdorogeriogomes.com.br\/noticias\/wp-content\/uploads\/2022\/02\/images-16-300x168.jpeg 300w\" sizes=\"auto, (max-width: 739px) 100vw, 739px\" \/><\/figure>\n","protected":false},"excerpt":{"rendered":"<p>O principal pr\u00e9-candidato de oposi\u00e7\u00e3o ao Governo do Cear\u00e1, Capit\u00e3o Wagner, anunciou esta semana que est\u00e1 ingressando no novo Uni\u00e3o Brasil, fruto da fus\u00e3o entre PSL e DEM. Wagner diz que pretende comandar o partido no Cear\u00e1 e quer refor\u00e7ar as filia\u00e7\u00f5es com parlamentares que fazem parte do seu grupo pol\u00edtico. Mas h\u00e1 governistas, aliados ao governador Camilo Santana (PT), que desejam que o Uni\u00e3o Brasil permane\u00e7a no Cear\u00e1 em outra frente. A suplente de deputada federal Gorete Pereira,&hellip;<\/p>\n","protected":false},"author":1,"featured_media":24432,"comment_status":"open","ping_status":"open","sticky":false,"template":"","format":"standard","meta":{"footnotes":""},"categories":[1],"tags":[],"class_list":["post-24431","post","type-post","status-publish","format-standard","has-post-thumbnail","hentry","category-noticias"],"_links":{"self":[{"href":"https:\/\/blogdorogeriogomes.com.br\/noticias\/wp-json\/wp\/v2\/posts\/24431","targetHints":{"allow":["GET"]}}],"collection":[{"href":"https:\/\/blogdorogeriogomes.com.br\/noticias\/wp-json\/wp\/v2\/posts"}],"about":[{"href":"https:\/\/blogdorogeriogomes.com.br\/noticias\/wp-json\/wp\/v2\/types\/post"}],"author":[{"embeddable":true,"href":"https:\/\/blogdorogeriogomes.com.br\/noticias\/wp-json\/wp\/v2\/users\/1"}],"replies":[{"embeddable":true,"href":"https:\/\/blogdorogeriogomes.com.br\/noticias\/wp-json\/wp\/v2\/comments?post=24431"}],"version-history":[{"count":2,"href":"https:\/\/blogdorogeriogomes.com.br\/noticias\/wp-json\/wp\/v2\/posts\/24431\/revisions"}],"predecessor-version":[{"id":24437,"href":"https:\/\/blogdorogeriogomes.com.br\/noticias\/wp-json\/wp\/v2\/posts\/24431\/revisions\/24437"}],"wp:featuredmedia":[{"embeddable":true,"href":"https:\/\/blogdorogeriogomes.com.br\/noticias\/wp-json\/wp\/v2\/media\/24432"}],"wp:attachment":[{"href":"https:\/\/blogdorogeriogomes.com.br\/noticias\/wp-json\/wp\/v2\/media?parent=24431"}],"wp:term":[{"taxonomy":"category","embeddable":true,"href":"https:\/\/blogdorogeriogomes.com.br\/noticias\/wp-json\/wp\/v2\/categories?post=24431"},{"taxonomy":"post_tag","embeddable":true,"href":"https:\/\/blogdorogeriogomes.com.br\/noticias\/wp-json\/wp\/v2\/tags?post=24431"}],"curies":[{"name":"wp","href":"https:\/\/api.w.org\/{rel}","templated":true}]}}