{"id":24434,"date":"2022-02-17T10:23:40","date_gmt":"2022-02-17T10:23:40","guid":{"rendered":"https:\/\/blogdorogeriogomes.com.br\/?p=24434"},"modified":"2022-02-17T19:58:33","modified_gmt":"2022-02-17T19:58:33","slug":"ceara-tem-queda-expressiva-de-casos-de-covid-19-mas-carnaval-sera-desafio-para-manter-reducao-nos-atendimentos","status":"publish","type":"post","link":"https:\/\/blogdorogeriogomes.com.br\/noticias\/2022\/02\/ceara-tem-queda-expressiva-de-casos-de-covid-19-mas-carnaval-sera-desafio-para-manter-reducao-nos-atendimentos\/","title":{"rendered":"Cear\u00e1 tem queda expressiva de casos de Covid-19, mas Carnaval ser\u00e1 desafio para manter redu\u00e7\u00e3o nos atendimentos"},"content":{"rendered":"\n<p>De acordo com a plataforma IntegraSUS, da Secretaria de Sa\u00fade do Cear\u00e1, a queda nas ocorr\u00eancias de Covid-19 nas unidades de sa\u00fade \u00e9 representativa neste m\u00eas de fevereiro. Mas as aten\u00e7\u00f5es est\u00e3o voltadas para o per\u00edodo carnavalesco entre 26 de fevereiro e 1\u00b0 de mar\u00e7o para evitar uma retomada nos casos. Conforme o Decreto Estadual de Enfrentamento \u00e0 Covid-19, n\u00e3o ser\u00e3o permitidas festas nas ruas, n\u00e3o haver\u00e1 ponto facultativo no servi\u00e7o p\u00fablico e a recomenda\u00e7\u00e3o \u00e9 que com\u00e9rcio e ind\u00fastria funcionem normalmente. A meta \u00e9 evitar as aglomera\u00e7\u00f5es e impedir um repique da doen\u00e7a.<\/p>\n\n\n\n<p>As quatro primeiras semanas deste ano registraram 202 mil casos de Covid-19 no Cear\u00e1, variando de 33 mil a quase 67 mil casos a cada sete dias. Na quinta semana, houve uma redu\u00e7\u00e3o para 15 mil casos, menos da metade da semana anterior. A variante \u00d4micron se mostrou mais contagiosa, mas diante do avan\u00e7o na vacina\u00e7\u00e3o, os casos se mostraram com sintomas mais leves. Nas interna\u00e7\u00f5es registradas nos hospitais, a maioria \u00e9 de pacientes que n\u00e3o se imunizaram ou n\u00e3o completaram o esquema vacinal.<\/p>\n\n\n\n<figure class=\"wp-block-image size-large\"><img loading=\"lazy\" decoding=\"async\" width=\"940\" height=\"550\" src=\"https:\/\/blogdorogeriogomes.com.br\/wp-content\/uploads\/2022\/02\/teste-covid-19.jpg\" alt=\"\" class=\"wp-image-24435\" srcset=\"https:\/\/blogdorogeriogomes.com.br\/noticias\/wp-content\/uploads\/2022\/02\/teste-covid-19.jpg 940w, https:\/\/blogdorogeriogomes.com.br\/noticias\/wp-content\/uploads\/2022\/02\/teste-covid-19-300x176.jpg 300w, https:\/\/blogdorogeriogomes.com.br\/noticias\/wp-content\/uploads\/2022\/02\/teste-covid-19-768x449.jpg 768w, https:\/\/blogdorogeriogomes.com.br\/noticias\/wp-content\/uploads\/2022\/02\/teste-covid-19-800x468.jpg 800w\" sizes=\"auto, (max-width: 940px) 100vw, 940px\" \/><\/figure>\n","protected":false},"excerpt":{"rendered":"<p>De acordo com a plataforma IntegraSUS, da Secretaria de Sa\u00fade do Cear\u00e1, a queda nas ocorr\u00eancias de Covid-19 nas unidades de sa\u00fade \u00e9 representativa neste m\u00eas de fevereiro. Mas as aten\u00e7\u00f5es est\u00e3o voltadas para o per\u00edodo carnavalesco entre 26 de fevereiro e 1\u00b0 de mar\u00e7o para evitar uma retomada nos casos. Conforme o Decreto Estadual de Enfrentamento \u00e0 Covid-19, n\u00e3o ser\u00e3o permitidas festas nas ruas, n\u00e3o haver\u00e1 ponto facultativo no servi\u00e7o p\u00fablico e a recomenda\u00e7\u00e3o \u00e9 que com\u00e9rcio e&hellip;<\/p>\n","protected":false},"author":1,"featured_media":24435,"comment_status":"open","ping_status":"open","sticky":false,"template":"","format":"standard","meta":{"footnotes":""},"categories":[1],"tags":[],"class_list":["post-24434","post","type-post","status-publish","format-standard","has-post-thumbnail","hentry","category-noticias"],"_links":{"self":[{"href":"https:\/\/blogdorogeriogomes.com.br\/noticias\/wp-json\/wp\/v2\/posts\/24434","targetHints":{"allow":["GET"]}}],"collection":[{"href":"https:\/\/blogdorogeriogomes.com.br\/noticias\/wp-json\/wp\/v2\/posts"}],"about":[{"href":"https:\/\/blogdorogeriogomes.com.br\/noticias\/wp-json\/wp\/v2\/types\/post"}],"author":[{"embeddable":true,"href":"https:\/\/blogdorogeriogomes.com.br\/noticias\/wp-json\/wp\/v2\/users\/1"}],"replies":[{"embeddable":true,"href":"https:\/\/blogdorogeriogomes.com.br\/noticias\/wp-json\/wp\/v2\/comments?post=24434"}],"version-history":[{"count":1,"href":"https:\/\/blogdorogeriogomes.com.br\/noticias\/wp-json\/wp\/v2\/posts\/24434\/revisions"}],"predecessor-version":[{"id":24436,"href":"https:\/\/blogdorogeriogomes.com.br\/noticias\/wp-json\/wp\/v2\/posts\/24434\/revisions\/24436"}],"wp:featuredmedia":[{"embeddable":true,"href":"https:\/\/blogdorogeriogomes.com.br\/noticias\/wp-json\/wp\/v2\/media\/24435"}],"wp:attachment":[{"href":"https:\/\/blogdorogeriogomes.com.br\/noticias\/wp-json\/wp\/v2\/media?parent=24434"}],"wp:term":[{"taxonomy":"category","embeddable":true,"href":"https:\/\/blogdorogeriogomes.com.br\/noticias\/wp-json\/wp\/v2\/categories?post=24434"},{"taxonomy":"post_tag","embeddable":true,"href":"https:\/\/blogdorogeriogomes.com.br\/noticias\/wp-json\/wp\/v2\/tags?post=24434"}],"curies":[{"name":"wp","href":"https:\/\/api.w.org\/{rel}","templated":true}]}}