{"id":24439,"date":"2022-02-17T22:52:38","date_gmt":"2022-02-17T22:52:38","guid":{"rendered":"https:\/\/blogdorogeriogomes.com.br\/?p=24439"},"modified":"2022-02-18T16:23:10","modified_gmt":"2022-02-18T16:23:10","slug":"lula-reforca-que-cabera-a-camilo-santana-definir-candidato-para-concorrer-a-sua-sucessao","status":"publish","type":"post","link":"https:\/\/blogdorogeriogomes.com.br\/noticias\/2022\/02\/lula-reforca-que-cabera-a-camilo-santana-definir-candidato-para-concorrer-a-sua-sucessao\/","title":{"rendered":"Lula refor\u00e7a que caber\u00e1 a Camilo Santana definir candidato para concorrer \u00e0 sua sucess\u00e3o"},"content":{"rendered":"\n<p>O ex-presidente Lula (PT) defendeu, nesta quinta-feira, dia 17 de fevereiro, em entrevista \u00e0 r\u00e1dio Progresso, de Juazeiro do Norte, que caber\u00e1 ao governador Camilo Santana (PT) a indica\u00e7\u00e3o do nome que concorrer\u00e1 \u00e0 sua sucess\u00e3o em outubro. O petista ainda acenou que Camilo concorrer\u00e1 ao Senado. &#8220;Sei que ele ser\u00e1 candidato ao Senado, que vai escolher o candidato para suced\u00ea-lo e que ser\u00e1 uma pessoa que ele confia&#8221;, disse Lula.<\/p>\n\n\n\n<p>O governador Camilo Santana tem sofrido press\u00e3o de setores do PT, tendo \u00e0 frente os deputados federais Jos\u00e9 Airton e Luizianne Lins, que s\u00e3o contr\u00e1rios a alian\u00e7a estadual com o PDT dos irm\u00e3os Ciro e Cid Gomes. Lula ressaltou que o governador tem que fazer a pol\u00edtica que \u00e9 \u201cconveniente\u201d para o Cear\u00e1. \u201cNingu\u00e9m ser\u00e1 meu inimigo porque concorreu contra mim. O resultado final \u00e9 do povo e quando o povo toma uma decis\u00e3o a gente acata e fecha a boca\u201d, finalizou Lula.<br><\/p>\n\n\n\n<figure class=\"wp-block-image size-large\"><img loading=\"lazy\" decoding=\"async\" width=\"600\" height=\"400\" src=\"https:\/\/blogdorogeriogomes.com.br\/wp-content\/uploads\/2022\/02\/images-17.jpeg\" alt=\"\" class=\"wp-image-24440\" srcset=\"https:\/\/blogdorogeriogomes.com.br\/noticias\/wp-content\/uploads\/2022\/02\/images-17.jpeg 600w, https:\/\/blogdorogeriogomes.com.br\/noticias\/wp-content\/uploads\/2022\/02\/images-17-300x200.jpeg 300w\" sizes=\"auto, (max-width: 600px) 100vw, 600px\" \/><\/figure>\n\n\n\n<p><br><\/p>\n","protected":false},"excerpt":{"rendered":"<p>O ex-presidente Lula (PT) defendeu, nesta quinta-feira, dia 17 de fevereiro, em entrevista \u00e0 r\u00e1dio Progresso, de Juazeiro do Norte, que caber\u00e1 ao governador Camilo Santana (PT) a indica\u00e7\u00e3o do nome que concorrer\u00e1 \u00e0 sua sucess\u00e3o em outubro. O petista ainda acenou que Camilo concorrer\u00e1 ao Senado. &#8220;Sei que ele ser\u00e1 candidato ao Senado, que vai escolher o candidato para suced\u00ea-lo e que ser\u00e1 uma pessoa que ele confia&#8221;, disse Lula. O governador Camilo Santana tem sofrido press\u00e3o de&hellip;<\/p>\n","protected":false},"author":1,"featured_media":24440,"comment_status":"open","ping_status":"open","sticky":false,"template":"","format":"standard","meta":{"footnotes":""},"categories":[1],"tags":[],"class_list":["post-24439","post","type-post","status-publish","format-standard","has-post-thumbnail","hentry","category-noticias"],"_links":{"self":[{"href":"https:\/\/blogdorogeriogomes.com.br\/noticias\/wp-json\/wp\/v2\/posts\/24439","targetHints":{"allow":["GET"]}}],"collection":[{"href":"https:\/\/blogdorogeriogomes.com.br\/noticias\/wp-json\/wp\/v2\/posts"}],"about":[{"href":"https:\/\/blogdorogeriogomes.com.br\/noticias\/wp-json\/wp\/v2\/types\/post"}],"author":[{"embeddable":true,"href":"https:\/\/blogdorogeriogomes.com.br\/noticias\/wp-json\/wp\/v2\/users\/1"}],"replies":[{"embeddable":true,"href":"https:\/\/blogdorogeriogomes.com.br\/noticias\/wp-json\/wp\/v2\/comments?post=24439"}],"version-history":[{"count":1,"href":"https:\/\/blogdorogeriogomes.com.br\/noticias\/wp-json\/wp\/v2\/posts\/24439\/revisions"}],"predecessor-version":[{"id":24441,"href":"https:\/\/blogdorogeriogomes.com.br\/noticias\/wp-json\/wp\/v2\/posts\/24439\/revisions\/24441"}],"wp:featuredmedia":[{"embeddable":true,"href":"https:\/\/blogdorogeriogomes.com.br\/noticias\/wp-json\/wp\/v2\/media\/24440"}],"wp:attachment":[{"href":"https:\/\/blogdorogeriogomes.com.br\/noticias\/wp-json\/wp\/v2\/media?parent=24439"}],"wp:term":[{"taxonomy":"category","embeddable":true,"href":"https:\/\/blogdorogeriogomes.com.br\/noticias\/wp-json\/wp\/v2\/categories?post=24439"},{"taxonomy":"post_tag","embeddable":true,"href":"https:\/\/blogdorogeriogomes.com.br\/noticias\/wp-json\/wp\/v2\/tags?post=24439"}],"curies":[{"name":"wp","href":"https:\/\/api.w.org\/{rel}","templated":true}]}}