{"id":24442,"date":"2022-02-17T23:13:42","date_gmt":"2022-02-17T23:13:42","guid":{"rendered":"https:\/\/blogdorogeriogomes.com.br\/?p=24442"},"modified":"2022-02-18T16:23:02","modified_gmt":"2022-02-18T16:23:02","slug":"professores-de-maracanau-estao-em-greve-e-cobram-reajuste-linear-da-prefeitura","status":"publish","type":"post","link":"https:\/\/blogdorogeriogomes.com.br\/noticias\/2022\/02\/professores-de-maracanau-estao-em-greve-e-cobram-reajuste-linear-da-prefeitura\/","title":{"rendered":"Professores de Maracana\u00fa est\u00e3o em greve e cobram reajuste linear da Prefeitura"},"content":{"rendered":"\n<p>Os professores da rede municipal de educa\u00e7\u00e3o em Maracana\u00fa, na Regi\u00e3o Metropolitana de Fortaleza, est\u00e3o no segundo dia de paralisa\u00e7\u00e3o. Nesta quinta-feira, dia 17 de fevereiro, eles fizeram uma passeata de protesto na cidade. A categoria cobra um reajuste salarial linear de 33,24%, ap\u00f3s a defini\u00e7\u00e3o de um piso nacional pelo Minist\u00e9rio da Educa\u00e7\u00e3o.<\/p>\n\n\n\n<p>A diretora do&nbsp;Sindicato Unificado dos Profissionais em Educa\u00e7\u00e3o no Munic\u00edpio de Maracana\u00fa (Suprema), N\u00edvia Marques Monteiro, aponta que o prefeito Roberto Pessoa enviou para aprova\u00e7\u00e3o da C\u00e2mara Municipal de Maracana\u00fa tr\u00eas \u00edndices de reajuste para diferentes n\u00edveis da categoria: &nbsp;28,51% para o 3\u00ba pedag\u00f3gico; 16,40% para o 4\u00ba pedag\u00f3gico e 14,26% para graduados e demais especializa\u00e7\u00f5es. O secret\u00e1rio de Educa\u00e7\u00e3o de Maracana\u00fa, George Valentim, diz que a pauta dos professores ser\u00e1 analisada dentro das possibilidades do munic\u00edpio.<\/p>\n\n\n\n<figure class=\"wp-block-image size-large\"><img loading=\"lazy\" decoding=\"async\" width=\"1024\" height=\"768\" src=\"https:\/\/blogdorogeriogomes.com.br\/wp-content\/uploads\/2022\/02\/estado-de-greve-1024x768-1.jpeg\" alt=\"\" class=\"wp-image-24443\" srcset=\"https:\/\/blogdorogeriogomes.com.br\/noticias\/wp-content\/uploads\/2022\/02\/estado-de-greve-1024x768-1.jpeg 1024w, https:\/\/blogdorogeriogomes.com.br\/noticias\/wp-content\/uploads\/2022\/02\/estado-de-greve-1024x768-1-300x225.jpeg 300w, https:\/\/blogdorogeriogomes.com.br\/noticias\/wp-content\/uploads\/2022\/02\/estado-de-greve-1024x768-1-768x576.jpeg 768w, https:\/\/blogdorogeriogomes.com.br\/noticias\/wp-content\/uploads\/2022\/02\/estado-de-greve-1024x768-1-800x600.jpeg 800w, https:\/\/blogdorogeriogomes.com.br\/noticias\/wp-content\/uploads\/2022\/02\/estado-de-greve-1024x768-1-400x300.jpeg 400w\" sizes=\"auto, (max-width: 1024px) 100vw, 1024px\" \/><\/figure>\n","protected":false},"excerpt":{"rendered":"<p>Os professores da rede municipal de educa\u00e7\u00e3o em Maracana\u00fa, na Regi\u00e3o Metropolitana de Fortaleza, est\u00e3o no segundo dia de paralisa\u00e7\u00e3o. Nesta quinta-feira, dia 17 de fevereiro, eles fizeram uma passeata de protesto na cidade. A categoria cobra um reajuste salarial linear de 33,24%, ap\u00f3s a defini\u00e7\u00e3o de um piso nacional pelo Minist\u00e9rio da Educa\u00e7\u00e3o. A diretora do&nbsp;Sindicato Unificado dos Profissionais em Educa\u00e7\u00e3o no Munic\u00edpio de Maracana\u00fa (Suprema), N\u00edvia Marques Monteiro, aponta que o prefeito Roberto Pessoa enviou para aprova\u00e7\u00e3o&hellip;<\/p>\n","protected":false},"author":1,"featured_media":24443,"comment_status":"open","ping_status":"open","sticky":false,"template":"","format":"standard","meta":{"footnotes":""},"categories":[1],"tags":[],"class_list":["post-24442","post","type-post","status-publish","format-standard","has-post-thumbnail","hentry","category-noticias"],"_links":{"self":[{"href":"https:\/\/blogdorogeriogomes.com.br\/noticias\/wp-json\/wp\/v2\/posts\/24442","targetHints":{"allow":["GET"]}}],"collection":[{"href":"https:\/\/blogdorogeriogomes.com.br\/noticias\/wp-json\/wp\/v2\/posts"}],"about":[{"href":"https:\/\/blogdorogeriogomes.com.br\/noticias\/wp-json\/wp\/v2\/types\/post"}],"author":[{"embeddable":true,"href":"https:\/\/blogdorogeriogomes.com.br\/noticias\/wp-json\/wp\/v2\/users\/1"}],"replies":[{"embeddable":true,"href":"https:\/\/blogdorogeriogomes.com.br\/noticias\/wp-json\/wp\/v2\/comments?post=24442"}],"version-history":[{"count":1,"href":"https:\/\/blogdorogeriogomes.com.br\/noticias\/wp-json\/wp\/v2\/posts\/24442\/revisions"}],"predecessor-version":[{"id":24444,"href":"https:\/\/blogdorogeriogomes.com.br\/noticias\/wp-json\/wp\/v2\/posts\/24442\/revisions\/24444"}],"wp:featuredmedia":[{"embeddable":true,"href":"https:\/\/blogdorogeriogomes.com.br\/noticias\/wp-json\/wp\/v2\/media\/24443"}],"wp:attachment":[{"href":"https:\/\/blogdorogeriogomes.com.br\/noticias\/wp-json\/wp\/v2\/media?parent=24442"}],"wp:term":[{"taxonomy":"category","embeddable":true,"href":"https:\/\/blogdorogeriogomes.com.br\/noticias\/wp-json\/wp\/v2\/categories?post=24442"},{"taxonomy":"post_tag","embeddable":true,"href":"https:\/\/blogdorogeriogomes.com.br\/noticias\/wp-json\/wp\/v2\/tags?post=24442"}],"curies":[{"name":"wp","href":"https:\/\/api.w.org\/{rel}","templated":true}]}}