{"id":24445,"date":"2022-02-18T09:20:52","date_gmt":"2022-02-18T09:20:52","guid":{"rendered":"https:\/\/blogdorogeriogomes.com.br\/?p=24445"},"modified":"2022-02-18T16:22:53","modified_gmt":"2022-02-18T16:22:53","slug":"augusto-aras-pede-arquivamento-de-inquerito-que-investiga-bolsonaro-por-vazamento-de-dados-sigilosos","status":"publish","type":"post","link":"https:\/\/blogdorogeriogomes.com.br\/noticias\/2022\/02\/augusto-aras-pede-arquivamento-de-inquerito-que-investiga-bolsonaro-por-vazamento-de-dados-sigilosos\/","title":{"rendered":"Augusto Aras pede arquivamento de inqu\u00e9rito que investiga Bolsonaro por vazamento de dados sigilosos"},"content":{"rendered":"\n<p>O Procurador-Geral da Rep\u00fablica (PGR), Augusto Aras, saiu mais uma vez em defesa do presidente Jair Bolsonaro. Ele pediu nesta quinta-feira, dia 17 de fevereiro, que o&nbsp;STF arquive o inqu\u00e9rito que apura o suposto&nbsp;vazamento de dados sigilosos pelo presidente&nbsp;Jair Bolsonaro durante uma transmiss\u00e3o nas redes sociais.<\/p>\n\n\n\n<p>Em agosto de 2021,o presidente divulgou nas redes sociais a \u00edntegra de um inqu\u00e9rito da Pol\u00edcia Federal que apura suposto ataque ao sistema interno do TSE em 2018 e que, conforme o pr\u00f3prio tribunal, n\u00e3o representou qualquer risco \u00e0s elei\u00e7\u00f5es. Por lei, qualquer servidor p\u00fablico tem obriga\u00e7\u00e3o de proteger informa\u00e7\u00f5es sigilosas.<\/p>\n\n\n\n<p>A partir da\u00ed, ministros do&nbsp;TSE enviaram uma not\u00edcia-crime endere\u00e7ada ao ministro do Supremo&nbsp;Alexandre de Moraes relatando a suposta conduta criminosa atribu\u00edda a Bolsonaro. Ap\u00f3s receber a not\u00edcia-crime, Moraes decidiu&nbsp;abrir um inqu\u00e9rito para investigar o presidente.<\/p>\n\n\n\n<figure class=\"wp-block-image size-large\"><img loading=\"lazy\" decoding=\"async\" width=\"479\" height=\"640\" src=\"https:\/\/blogdorogeriogomes.com.br\/wp-content\/uploads\/2022\/02\/images-20.jpeg\" alt=\"\" class=\"wp-image-24446\" srcset=\"https:\/\/blogdorogeriogomes.com.br\/noticias\/wp-content\/uploads\/2022\/02\/images-20.jpeg 479w, https:\/\/blogdorogeriogomes.com.br\/noticias\/wp-content\/uploads\/2022\/02\/images-20-225x300.jpeg 225w\" sizes=\"auto, (max-width: 479px) 100vw, 479px\" \/><\/figure>\n","protected":false},"excerpt":{"rendered":"<p>O Procurador-Geral da Rep\u00fablica (PGR), Augusto Aras, saiu mais uma vez em defesa do presidente Jair Bolsonaro. Ele pediu nesta quinta-feira, dia 17 de fevereiro, que o&nbsp;STF arquive o inqu\u00e9rito que apura o suposto&nbsp;vazamento de dados sigilosos pelo presidente&nbsp;Jair Bolsonaro durante uma transmiss\u00e3o nas redes sociais. Em agosto de 2021,o presidente divulgou nas redes sociais a \u00edntegra de um inqu\u00e9rito da Pol\u00edcia Federal que apura suposto ataque ao sistema interno do TSE em 2018 e que, conforme o pr\u00f3prio&hellip;<\/p>\n","protected":false},"author":1,"featured_media":24446,"comment_status":"open","ping_status":"open","sticky":false,"template":"","format":"standard","meta":{"footnotes":""},"categories":[1],"tags":[],"class_list":["post-24445","post","type-post","status-publish","format-standard","has-post-thumbnail","hentry","category-noticias"],"_links":{"self":[{"href":"https:\/\/blogdorogeriogomes.com.br\/noticias\/wp-json\/wp\/v2\/posts\/24445","targetHints":{"allow":["GET"]}}],"collection":[{"href":"https:\/\/blogdorogeriogomes.com.br\/noticias\/wp-json\/wp\/v2\/posts"}],"about":[{"href":"https:\/\/blogdorogeriogomes.com.br\/noticias\/wp-json\/wp\/v2\/types\/post"}],"author":[{"embeddable":true,"href":"https:\/\/blogdorogeriogomes.com.br\/noticias\/wp-json\/wp\/v2\/users\/1"}],"replies":[{"embeddable":true,"href":"https:\/\/blogdorogeriogomes.com.br\/noticias\/wp-json\/wp\/v2\/comments?post=24445"}],"version-history":[{"count":2,"href":"https:\/\/blogdorogeriogomes.com.br\/noticias\/wp-json\/wp\/v2\/posts\/24445\/revisions"}],"predecessor-version":[{"id":24451,"href":"https:\/\/blogdorogeriogomes.com.br\/noticias\/wp-json\/wp\/v2\/posts\/24445\/revisions\/24451"}],"wp:featuredmedia":[{"embeddable":true,"href":"https:\/\/blogdorogeriogomes.com.br\/noticias\/wp-json\/wp\/v2\/media\/24446"}],"wp:attachment":[{"href":"https:\/\/blogdorogeriogomes.com.br\/noticias\/wp-json\/wp\/v2\/media?parent=24445"}],"wp:term":[{"taxonomy":"category","embeddable":true,"href":"https:\/\/blogdorogeriogomes.com.br\/noticias\/wp-json\/wp\/v2\/categories?post=24445"},{"taxonomy":"post_tag","embeddable":true,"href":"https:\/\/blogdorogeriogomes.com.br\/noticias\/wp-json\/wp\/v2\/tags?post=24445"}],"curies":[{"name":"wp","href":"https:\/\/api.w.org\/{rel}","templated":true}]}}