{"id":24452,"date":"2022-02-18T23:12:38","date_gmt":"2022-02-18T23:12:38","guid":{"rendered":"https:\/\/blogdorogeriogomes.com.br\/?p=24452"},"modified":"2022-02-21T13:27:32","modified_gmt":"2022-02-21T13:27:32","slug":"izolda-cela-ganha-protagonismo-em-inauguracoes-do-governo-e-acena-que-esta-pronta-para-assumir-o-cargo-se-camilo-sair-para-o-senado","status":"publish","type":"post","link":"https:\/\/blogdorogeriogomes.com.br\/noticias\/2022\/02\/izolda-cela-ganha-protagonismo-em-inauguracoes-do-governo-e-acena-que-esta-pronta-para-assumir-o-cargo-se-camilo-sair-para-o-senado\/","title":{"rendered":"Izolda Cela ganha protagonismo em inaugura\u00e7\u00f5es do Governo e acena que est\u00e1 pronta para assumir o cargo se Camilo sair para o Senado"},"content":{"rendered":"\n<p>A vice-governadora Izolda Cela (PDT) j\u00e1 admite publicamente estar pronta para assumir o Governo do Cear\u00e1 em abril, se o governador Camilo Santana confirmar a ren\u00fancia do cargo para concorrer ao Senado em outubro. A cada solenidade de inaugura\u00e7\u00e3o do Governo, Izolda vai ganhando protagonismo, inclusive entre deputados estaduais da base aliada.<\/p>\n\n\n\n<p>Durante a inaugura\u00e7\u00e3o nesta sexta-feira, dia 18 de fevereiro, da nova sede da Escola de Ensino M\u00e9dio Deputado Manoel Rodrigues, no bairro Vicente Pinz\u00f3n, em Fortaleza, o governador Camilo Santana ressaltou a experi\u00eancia da vice-governadora para assumir a miss\u00e3o no Executivo Estadual.<br>\u201cA Izolda est\u00e1 comigo h\u00e1 mais de sete anos. \u00c9 uma mulher extraordin\u00e1ria e n\u00e3o tenho d\u00favida que ter\u00e1 at\u00e9 mais habilidade do que eu para conduzir esse projeto&#8221;, declarou o governador.<br>Al\u00e9m de assumir a cadeira no Pal\u00e1cio da Aboli\u00e7\u00e3o at\u00e9 o fim do ano, a pedetista ainda poder\u00e1 ser a indicada para concorrer ao Governo do Estado a um mandato pelos pr\u00f3ximos quatro anos. No PDT, ainda est\u00e3o cotados o ex-prefeito Roberto Cl\u00e1udio, o deputado federal Mauro Filho e o presidente da Assembleia Legislativa, Evandro Leit\u00e3o.<\/p>\n\n\n\n<figure class=\"wp-block-image size-large\"><img loading=\"lazy\" decoding=\"async\" width=\"1024\" height=\"683\" src=\"https:\/\/blogdorogeriogomes.com.br\/wp-content\/uploads\/2022\/02\/220218_ESCOLA-VICENTE-PINZON_TS0340-1200x800-1-1024x683.jpg\" alt=\"\" class=\"wp-image-24453\" srcset=\"https:\/\/blogdorogeriogomes.com.br\/noticias\/wp-content\/uploads\/2022\/02\/220218_ESCOLA-VICENTE-PINZON_TS0340-1200x800-1-1024x683.jpg 1024w, https:\/\/blogdorogeriogomes.com.br\/noticias\/wp-content\/uploads\/2022\/02\/220218_ESCOLA-VICENTE-PINZON_TS0340-1200x800-1-300x200.jpg 300w, https:\/\/blogdorogeriogomes.com.br\/noticias\/wp-content\/uploads\/2022\/02\/220218_ESCOLA-VICENTE-PINZON_TS0340-1200x800-1-768x512.jpg 768w, https:\/\/blogdorogeriogomes.com.br\/noticias\/wp-content\/uploads\/2022\/02\/220218_ESCOLA-VICENTE-PINZON_TS0340-1200x800-1-800x533.jpg 800w, https:\/\/blogdorogeriogomes.com.br\/noticias\/wp-content\/uploads\/2022\/02\/220218_ESCOLA-VICENTE-PINZON_TS0340-1200x800-1.jpg 1200w\" sizes=\"auto, (max-width: 1024px) 100vw, 1024px\" \/><\/figure>\n","protected":false},"excerpt":{"rendered":"<p>A vice-governadora Izolda Cela (PDT) j\u00e1 admite publicamente estar pronta para assumir o Governo do Cear\u00e1 em abril, se o governador Camilo Santana confirmar a ren\u00fancia do cargo para concorrer ao Senado em outubro. A cada solenidade de inaugura\u00e7\u00e3o do Governo, Izolda vai ganhando protagonismo, inclusive entre deputados estaduais da base aliada. Durante a inaugura\u00e7\u00e3o nesta sexta-feira, dia 18 de fevereiro, da nova sede da Escola de Ensino M\u00e9dio Deputado Manoel Rodrigues, no bairro Vicente Pinz\u00f3n, em Fortaleza, o&hellip;<\/p>\n","protected":false},"author":1,"featured_media":24453,"comment_status":"open","ping_status":"open","sticky":false,"template":"","format":"standard","meta":{"footnotes":""},"categories":[1],"tags":[],"class_list":["post-24452","post","type-post","status-publish","format-standard","has-post-thumbnail","hentry","category-noticias"],"_links":{"self":[{"href":"https:\/\/blogdorogeriogomes.com.br\/noticias\/wp-json\/wp\/v2\/posts\/24452","targetHints":{"allow":["GET"]}}],"collection":[{"href":"https:\/\/blogdorogeriogomes.com.br\/noticias\/wp-json\/wp\/v2\/posts"}],"about":[{"href":"https:\/\/blogdorogeriogomes.com.br\/noticias\/wp-json\/wp\/v2\/types\/post"}],"author":[{"embeddable":true,"href":"https:\/\/blogdorogeriogomes.com.br\/noticias\/wp-json\/wp\/v2\/users\/1"}],"replies":[{"embeddable":true,"href":"https:\/\/blogdorogeriogomes.com.br\/noticias\/wp-json\/wp\/v2\/comments?post=24452"}],"version-history":[{"count":1,"href":"https:\/\/blogdorogeriogomes.com.br\/noticias\/wp-json\/wp\/v2\/posts\/24452\/revisions"}],"predecessor-version":[{"id":24454,"href":"https:\/\/blogdorogeriogomes.com.br\/noticias\/wp-json\/wp\/v2\/posts\/24452\/revisions\/24454"}],"wp:featuredmedia":[{"embeddable":true,"href":"https:\/\/blogdorogeriogomes.com.br\/noticias\/wp-json\/wp\/v2\/media\/24453"}],"wp:attachment":[{"href":"https:\/\/blogdorogeriogomes.com.br\/noticias\/wp-json\/wp\/v2\/media?parent=24452"}],"wp:term":[{"taxonomy":"category","embeddable":true,"href":"https:\/\/blogdorogeriogomes.com.br\/noticias\/wp-json\/wp\/v2\/categories?post=24452"},{"taxonomy":"post_tag","embeddable":true,"href":"https:\/\/blogdorogeriogomes.com.br\/noticias\/wp-json\/wp\/v2\/tags?post=24452"}],"curies":[{"name":"wp","href":"https:\/\/api.w.org\/{rel}","templated":true}]}}